{"id":926,"date":"2014-08-11T18:26:00","date_gmt":"2014-08-11T17:26:00","guid":{"rendered":"http:\/\/www.cutoff.es\/blog\/?p=926"},"modified":"2014-08-11T18:32:02","modified_gmt":"2014-08-11T17:32:02","slug":"propellerhead-anuncia-reason-8","status":"publish","type":"post","link":"https:\/\/www.cutoff.es\/blog\/propellerhead-anuncia-reason-8\/","title":{"rendered":"Propellerhead anuncia Reason 8"},"content":{"rendered":"<p>Propellerhead ha anunciado recientemente Reason 8 y parece que le han pegado un buen lavado de cara.<\/p>\n<p>A falta de m\u00e1s detalles, lo que m\u00e1s llama la atenci\u00f3n es el dise\u00f1o de la nueva interfaz de usuario. En Reason 8 se deja atr\u00e1s el tradicional rack en formato vertical por un dise\u00f1o actualizado donde se ocupa toda el \u00e1rea del monitor. Se sigue pudiendo dar la vuelta para trastear con los cables de se\u00f1ales de audio y CV pero ahora es posible var m\u00e1s elementos simult\u00e1neamente.<\/p>\n<div class=\"nv-iframe-embed\"><iframe title=\"Introducing Reason 8\" width=\"1200\" height=\"675\" src=\"https:\/\/www.youtube.com\/embed\/hl9MNgJAbXc?feature=oembed\" frameborder=\"0\" allow=\"accelerometer; autoplay; clipboard-write; encrypted-media; gyroscope; picture-in-picture\" allowfullscreen><\/iframe><\/div>\n<p>En Reason 8 tambi\u00e9n se ha incluido un nuevo navegador con posibilidades drag-and-drop directamente sobre Reason para crear sintes nuevos, o a\u00f1adir muestras de sonidos en, por ejemplo, el sinte de percusiones Kong simplemente arrastr\u00e1ndolas.<\/p>\n<p><img loading=\"lazy\" class=\"aligncenter\" alt=\"\" src=\"http:\/\/cdn.propellerheads.se\/Reason8\/reason8-screenshot-1.jpg\" width=\"1200\" height=\"714\" \/><\/p>\n<p>Tambi\u00e9n se ha incorporado un nuevo simulador de amplis de guitarra y bajo dise\u00f1ado por Softube y mejoras en el flujo de trabajo. como la posibilidad de a\u00f1adir o quitar notas simplemente haciendo doble clic o redimensionar desde ambos lados de la nota pintada entre otras muchas herramientas y funciones nuevas que, esperemos, Propellerhead nos ir\u00e1 contando en los pr\u00f3ximos d\u00edas.<\/p>\n<p>Reason 8 estar\u00e1 disponible el 30 de Septiembre pero si compras <a href=\"http:\/\/www.cutoff.es\/secuenciadores\/5418-reason-7.html\" target=\"_blank\">Reason 7<\/a> hoy mismo tienes derecho a la actualizaci\u00f3n gratuita cuando est\u00e9 disponible.<\/p>\n","protected":false},"excerpt":{"rendered":"<p>Propellerhead ha anunciado recientemente Reason 8 y parece que le han pegado un buen lavado de cara. A falta de m\u00e1s detalles, lo que m\u00e1s llama la atenci\u00f3n es el dise\u00f1o de la nueva interfaz de usuario. En Reason 8 se deja atr\u00e1s el tradicional rack en formato vertical por un dise\u00f1o actualizado donde se&hellip;&nbsp;<a href=\"https:\/\/www.cutoff.es\/blog\/propellerhead-anuncia-reason-8\/\" class=\"\" rel=\"bookmark\">Leer m&#225;s &raquo;<span class=\"screen-reader-text\">Propellerhead anuncia Reason 8<\/span><\/a><\/p>\n","protected":false},"author":4,"featured_media":927,"comment_status":"open","ping_status":"closed","sticky":false,"template":"","format":"standard","meta":{"neve_meta_sidebar":"","neve_meta_container":"","neve_meta_enable_content_width":"","neve_meta_content_width":0,"neve_meta_title_alignment":"","neve_meta_author_avatar":"","neve_post_elements_order":"","neve_meta_disable_header":"","neve_meta_disable_footer":"","neve_meta_disable_title":""},"categories":[135,2],"tags":[172,171],"yoast_head":"<!-- This site is optimized with the Yoast SEO plugin v15.1.1 - https:\/\/yoast.com\/wordpress\/plugins\/seo\/ -->\n<title>Propellerhead anuncia Reason 8 | Cutoff Blog<\/title>\n<meta name=\"description\" content=\"Propellerhead ha anunciado recientemente Reason 8 y parece que le han pegado un buen lavado de cara. A falta de m\u00e1s detalles, lo que m\u00e1s llama la atenci\u00f3n\" \/>\n<meta name=\"robots\" content=\"index, follow, max-snippet:-1, max-image-preview:large, max-video-preview:-1\" \/>\n<link rel=\"canonical\" href=\"https:\/\/www.cutoff.es\/blog\/propellerhead-anuncia-reason-8\/\" \/>\n<meta property=\"og:locale\" content=\"es_ES\" \/>\n<meta property=\"og:type\" content=\"article\" \/>\n<meta property=\"og:title\" content=\"Propellerhead anuncia Reason 8 | Cutoff Blog\" \/>\n<meta property=\"og:description\" content=\"Propellerhead ha anunciado recientemente Reason 8 y parece que le han pegado un buen lavado de cara. A falta de m\u00e1s detalles, lo que m\u00e1s llama la atenci\u00f3n\" \/>\n<meta property=\"og:url\" content=\"https:\/\/www.cutoff.es\/blog\/propellerhead-anuncia-reason-8\/\" \/>\n<meta property=\"og:site_name\" content=\"Cutoff Blog\" \/>\n<meta property=\"article:publisher\" content=\"https:\/\/es-es.facebook.com\/cutoffproaudio\" \/>\n<meta property=\"article:author\" content=\"https:\/\/www.facebook.com\/cutoffproaudio\" \/>\n<meta property=\"article:published_time\" content=\"2014-08-11T17:26:00+00:00\" \/>\n<meta property=\"article:modified_time\" content=\"2014-08-11T17:32:02+00:00\" \/>\n<meta property=\"og:image\" content=\"https:\/\/www.cutoff.es\/blog\/wp-content\/uploads\/2014\/08\/reason8.jpg\" \/>\n\t<meta property=\"og:image:width\" content=\"620\" \/>\n\t<meta property=\"og:image:height\" content=\"300\" \/>\n<script type=\"application\/ld+json\" class=\"yoast-schema-graph\">{\"@context\":\"https:\/\/schema.org\",\"@graph\":[{\"@type\":\"WebSite\",\"@id\":\"https:\/\/www.cutoff.es\/blog\/#website\",\"url\":\"https:\/\/www.cutoff.es\/blog\/\",\"name\":\"Cutoff Blog\",\"description\":\"Blog de Cutoff, novedades sobre equipamiento DJ, inform\\u00e1ci\\u00f3n sobre eventos y artistas del panorama de la m\\u00fasica electr\\u00f3nica\",\"potentialAction\":[{\"@type\":\"SearchAction\",\"target\":\"https:\/\/www.cutoff.es\/blog\/?s={search_term_string}\",\"query-input\":\"required name=search_term_string\"}],\"inLanguage\":\"es\"},{\"@type\":\"ImageObject\",\"@id\":\"https:\/\/www.cutoff.es\/blog\/propellerhead-anuncia-reason-8\/#primaryimage\",\"inLanguage\":\"es\",\"url\":\"https:\/\/www.cutoff.es\/blog\/wp-content\/uploads\/2014\/08\/reason8.jpg\",\"width\":620,\"height\":300},{\"@type\":\"WebPage\",\"@id\":\"https:\/\/www.cutoff.es\/blog\/propellerhead-anuncia-reason-8\/#webpage\",\"url\":\"https:\/\/www.cutoff.es\/blog\/propellerhead-anuncia-reason-8\/\",\"name\":\"Propellerhead anuncia Reason 8 | Cutoff Blog\",\"isPartOf\":{\"@id\":\"https:\/\/www.cutoff.es\/blog\/#website\"},\"primaryImageOfPage\":{\"@id\":\"https:\/\/www.cutoff.es\/blog\/propellerhead-anuncia-reason-8\/#primaryimage\"},\"datePublished\":\"2014-08-11T17:26:00+00:00\",\"dateModified\":\"2014-08-11T17:32:02+00:00\",\"author\":{\"@id\":\"https:\/\/www.cutoff.es\/blog\/#\/schema\/person\/8ceb71095834bcd9d6df48f482722ce4\"},\"description\":\"Propellerhead ha anunciado recientemente Reason 8 y parece que le han pegado un buen lavado de cara. A falta de m\\u00e1s detalles, lo que m\\u00e1s llama la atenci\\u00f3n\",\"inLanguage\":\"es\",\"potentialAction\":[{\"@type\":\"ReadAction\",\"target\":[\"https:\/\/www.cutoff.es\/blog\/propellerhead-anuncia-reason-8\/\"]}]},{\"@type\":\"Person\",\"@id\":\"https:\/\/www.cutoff.es\/blog\/#\/schema\/person\/8ceb71095834bcd9d6df48f482722ce4\",\"name\":\"Cutoff\",\"image\":{\"@type\":\"ImageObject\",\"@id\":\"https:\/\/www.cutoff.es\/blog\/#personlogo\",\"inLanguage\":\"es\",\"url\":\"https:\/\/secure.gravatar.com\/avatar\/14840c74b35686d5739748d3a55855cd?s=96&d=mm&r=g\",\"caption\":\"Cutoff\"},\"description\":\"CUTOFF PRO AUDIO es una joven empresa que nace para dar un servicio personalizado a las necesidades del Productor Musical y\/o Deejay actual, ofreciendo asesoramiento profesional, soluciones a medida a precios competitivos, distingui\\u00e9ndonos por ofrecer un trato personalizado a nuestra clientela.\",\"sameAs\":[\"https:\/\/www.cutoff.es\",\"https:\/\/www.facebook.com\/cutoffproaudio\",\"https:\/\/www.instagram.com\/cutoffproaudio\",\"https:\/\/twitter.com\/cutoffproaudio\",\"https:\/\/www.youtube.com\/cutoffproaudio\"]}]}<\/script>\n<!-- \/ Yoast SEO plugin. -->","_links":{"self":[{"href":"https:\/\/www.cutoff.es\/blog\/wp-json\/wp\/v2\/posts\/926"}],"collection":[{"href":"https:\/\/www.cutoff.es\/blog\/wp-json\/wp\/v2\/posts"}],"about":[{"href":"https:\/\/www.cutoff.es\/blog\/wp-json\/wp\/v2\/types\/post"}],"author":[{"embeddable":true,"href":"https:\/\/www.cutoff.es\/blog\/wp-json\/wp\/v2\/users\/4"}],"replies":[{"embeddable":true,"href":"https:\/\/www.cutoff.es\/blog\/wp-json\/wp\/v2\/comments?post=926"}],"version-history":[{"count":1,"href":"https:\/\/www.cutoff.es\/blog\/wp-json\/wp\/v2\/posts\/926\/revisions"}],"predecessor-version":[{"id":928,"href":"https:\/\/www.cutoff.es\/blog\/wp-json\/wp\/v2\/posts\/926\/revisions\/928"}],"wp:featuredmedia":[{"embeddable":true,"href":"https:\/\/www.cutoff.es\/blog\/wp-json\/wp\/v2\/media\/927"}],"wp:attachment":[{"href":"https:\/\/www.cutoff.es\/blog\/wp-json\/wp\/v2\/media?parent=926"}],"wp:term":[{"taxonomy":"category","embeddable":true,"href":"https:\/\/www.cutoff.es\/blog\/wp-json\/wp\/v2\/categories?post=926"},{"taxonomy":"post_tag","embeddable":true,"href":"https:\/\/www.cutoff.es\/blog\/wp-json\/wp\/v2\/tags?post=926"}],"curies":[{"name":"wp","href":"https:\/\/api.w.org\/{rel}","templated":true}]}}