{"id":7072,"date":"2020-09-25T12:00:04","date_gmt":"2020-09-25T10:00:04","guid":{"rendered":"https:\/\/www.cutoff.es\/blog\/?p=7072"},"modified":"2025-11-03T09:55:41","modified_gmt":"2025-11-03T08:55:41","slug":"analog-black-actualizaciones-firmware","status":"publish","type":"post","link":"https:\/\/www.cutoff.es\/blog\/analog-black-actualizaciones-firmware\/","title":{"rendered":"Analog Black y actualizaciones de firmware"},"content":{"rendered":"\n<p>El tema de este nuevo art\u00edculo centra el foco principal en el t\u00e9rmino Analog de <strong>Elektron<\/strong>. Si bien el fabricante sueco anunciaba a mediados de esta semana el cambio de color a negro de dos de sus m\u00e1quinas insignia como son Analog RYTM y Four, la not\u00edcia no ha quedado aqu\u00ed, ya que hace escasas horas <strong>Elektron<\/strong> ha anunciado una importante actualizaci\u00f3n de firmware para ambas unidades. Y no es una actualizaci\u00f3n cualquiera.<\/p>\n\n\n\n<p>Del cambio de color anunciado por <strong>Elektron<\/strong> poco podemos decir, a parte de la diferencia visual que ofrece, pero s\u00ed podemos comentaros que adem\u00e1s del color negro (que no ser\u00e1 un color opcional, si no que ser\u00e1 el color \u00fanico). cuentan con <span class=\"\" title=\"Editado\">una nueva paleta de color que complementa la interfaz de usuario. Adem\u00e1s, el contenido de f\u00e1brica se ha actualizado con nuevos contenidos.<br><\/span><\/p>\n\n\n\n<figure class=\"wp-block-embed-youtube wp-block-embed is-type-video is-provider-youtube wp-embed-aspect-16-9 wp-has-aspect-ratio\"><div class=\"wp-block-embed__wrapper\">\n<div class=\"nv-iframe-embed\"><iframe title=\"Analog Four &amp; Analog Rytm MKII. Transformed.\" width=\"1200\" height=\"675\" src=\"https:\/\/www.youtube.com\/embed\/-TglFnlqSfE?feature=oembed\" frameborder=\"0\" allow=\"accelerometer; autoplay; clipboard-write; encrypted-media; gyroscope; picture-in-picture\" allowfullscreen><\/iframe><\/div>\n<\/div><\/figure>\n\n\n\n<p>En cuanto a la actualizaci\u00f3n de sistema operativo, est\u00e1 disponible tanto para las versiones MK1 como MK2 (con algunas excepciones que comentaremos m\u00e1s abajo).<\/p>\n\n\n\n<p>Si quieres actualizar el firmware de tu unidad y es la primera vez que lo haces, te contamos aqu\u00ed una forma resumida para que puedas actualizar el sistema operativo f\u00e1cilmente.<\/p>\n\n\n\n<p>&#8211; Conecta tu dispositivo Elektron al ordenador mediante el cable USB y enci\u00e9ndelo.<br>&#8211; Descarga y abre la aplicaci\u00f3n Transfer en tu ordenador. La puedes descargar aqu\u00ed.<br>&#8211; En la p\u00e1gina \u00abConexi\u00f3n\u00bb de la aplicaci\u00f3n Transfer, selecciona los puertos de entrada y salida MIDI de tu dispositivo Elektron.<br>&#8211; Descarga el sistema operativo en la p\u00e1gina de soporte del dispositivo correspondiente. Puedes encontrarlos aqu\u00ed.<br>&#8211; En la p\u00e1gina \u00abDrop\u00bb de la aplicaci\u00f3n Transfer, arrastra y suelta el archivo del OS (sistema operativo) y en ese momento se iniciar\u00e1 la transferencia del firmware al dispositivo Elektron, con su correspondiente barra de progreso. Si no la ves, revisa los pasos anteriores.<\/p>\n\n\n\n<p><em><strong>Nota:<\/strong> Si tu dispositivo no es compatible con la app Transfer, consulta la informaci\u00f3n adicional en las notas de lanzamiento de cada sistema operativo correspondiente.<\/em><\/p>\n\n\n\n<figure class=\"wp-block-embed-youtube wp-block-embed is-type-video is-provider-youtube wp-embed-aspect-16-9 wp-has-aspect-ratio\"><div class=\"wp-block-embed__wrapper\">\n<div class=\"nv-iframe-embed\"><iframe title=\"Analog Four &amp; Analog Rytm OS Upgrades\" width=\"1200\" height=\"675\" src=\"https:\/\/www.youtube.com\/embed\/kc8bAep9YSI?feature=oembed\" frameborder=\"0\" allow=\"accelerometer; autoplay; clipboard-write; encrypted-media; gyroscope; picture-in-picture\" allowfullscreen><\/iframe><\/div>\n<\/div><\/figure>\n\n\n\n<h1 id=\"analog-rytm-os-160-release-notes\">Analog Four\/Keys OS 1.50 y Analog Rytm OS 1.60<\/h1>\n\n\n\n<p>\u00bfQu\u00e9 mejoras incluyen? Te las contamos a continuaci\u00f3n&#8230;<\/p>\n\n\n\n<p>&#8211; Soporte audio class compliant a trav\u00e9s de USB (solo versiones MK2)<br>&#8211; Nuevo modo de grabaci\u00f3n por pasos para el secuenciador. Presiona [RECORD] + [STOP] para entrar en este nuevo modo.<br>&#8211; Nueva funcionalidad para previsualizar un paso del secuenciador (incluyendo sus \u00abparameter locks\u00bb) al presionar [TRIG] + [YES] en los modos de grabaci\u00f3n en rejilla o grabaci\u00f3n por pasos.<br>&#8211; Nuevo par\u00e1metro que permite fijar una probabilidad de \u00abtrig\u00bb para todos los trigs en una pista.<br>&#8211; Nuevo valor de condici\u00f3n de \u00abtrig\u00bb (100%) al rango de porcentaje.<br>&#8211; A\u00f1adida la opci\u00f3n para seleccionar todos los sonidos que no se usan en el sound pool del proyecto.<br>&#8211; A\u00f1adidos los valores de snap para la longitud del par\u00e1metro en la p\u00e1gina de TRIG.<br>&#8211; Ahora se muestra el modo de tempo (ya sea del patr\u00f3n o global) en la pantalla de TEMPO.<br>&#8211; El modo de tempo por defecto ahora es Patr\u00f3n.<br>&#8211; Re-estructurados los ajustes globales de men\u00fa para una mejor claridad y para armonizar el contenido entre la l\u00ednea de productos de Elektron.<br>&#8211; A\u00f1adida la funcionalidad para que las pistas puedan fijar \u00abEnviar Midi\u00bb por lo que ahora env\u00eda los datos entrantes de controladores MIDI externos al puerto de salida MIDI para el control de un dispositivo externo.<br>&#8211; Cambiado el nombre del puerto MIDI que ahora muestra \u00abElektron Analog Four\u00bb a trav\u00e9s de USB.<br>&#8211; A\u00f1adidos valores de snap para el par\u00e1metro de longitud al presionar [FUNC] + [UP]\/[DOWN] en el men\u00fa SCALE.<br>&#8211; Ahora al presionar [STOP] dos veces env\u00eda un mensaje de \u00abtodos los sonidos apagados\u00bb en los canales MIDI.<br>&#8211; Mejorada la respuesta visual de la tecla [REC] en el modo de grabaci\u00f3n a tiempo real. La tecla [REC] ahora parpadea por beat independientemente de la posici\u00f3n en el secuenciador.<br>&#8211; El color de cada tecla de [TRIG] ahora indica qu\u00e9 funcionalidad de paso est\u00e1 siendo editado (s\u00f3lo versiones MK2). <em>Por ejemplo, en la vista de acento, todos los trigs con acento brillan en color ros<\/em>a. Los colores son Verde\/Rosa\/Azul para Trig Mute\/Acentos\/Slide de Nota\/Slide de par\u00e1metro.<br>&#8211; El color de la tecla de [TEMPO] ahora indica si el tempo de proyecto o de patr\u00f3n est\u00e1 en uso parpadeando en color azul o en verde. (S\u00f3lo versiones MK2)<br>&#8211; Actualizados los patrones y kits de f\u00e1brica (s\u00f3lo versiones MK2). <strong><em>Nota: S\u00f3lo al realizar un factory reset as\u00ed que ojo con esto y aseguraros de realizar un backup de vuestros datos.<br><\/em><\/strong><\/p>\n\n\n\n<p>Tambi\u00e9n se han realizado numerosas correcciones que podr\u00e9is consultar en la notas de lanzamiento en la p\u00e1gina de Elektron.<\/p>\n\n\n\n<h3>Exclusivas de Analog Rytm OS 1.60<\/h3>\n\n\n\n<p>&#8211; A\u00f1adida la posibilidad de recargar todos los par\u00e1metros de las p\u00e1ginas de par\u00e1metros de las pistas de FX a cualquier estado anterior guardado al presionar [FX] + [NO]. (S\u00f3lo versiones MK2).<br>&#8211; Al a\u00f1adir un retrig, al presionar la primera flecha arriba\/abajo ahora solo activa el encendido\/apagado del retrig (sin cambiar el rate).<\/p>\n\n\n\n<p>En cuanto a Overbridge, para usar cualquiera de los nuevos sistemas operativos con Overbridge, deberemos actualizar a Overbridge 2.0.41 que se ha lanzado conjuntamente.<\/p>\n\n\n\n<p>Recuerda que si tienes dudas a la hora de realizar tu compra o&nbsp; tienes cualquiera consulta con cualquiera de los productos de Elektron, puedes contactarnos a trav\u00e9s de nuestras v\u00edas habituales. \u00a1Estaremos encantad@s de atenderte!<\/p>\n\n\n\n<hr class=\"wp-block-separator\">\n<figure class=\"wp-block-image\"><img src=\"https:\/\/www.cutoff.es\/blog\/wp-content\/uploads\/2020\/10\/animacion-suscripcion-newsletter-2.gif\" alt=\"Nuevas promos de Antelope Audio para agosto y septiembre\"><\/figure>\n<!-- Begin Mailchimp Signup Form -->\n<link href=\"\/\/cdn-images.mailchimp.com\/embedcode\/classic-10_7_dtp.css\" rel=\"stylesheet\" type=\"text\/css\">\n<style type=\"text\/css\">#mc_embed_signup{background:#fff; clear:left; font:14px Helvetica,Arial,sans-serif;  width:800px;}\n\t\/* Add your own Mailchimp form style overrides in your site stylesheet or in this style block.\n\t   We recommend moving this block and the preceding CSS link to the HEAD of your HTML file. *\/\n<\/style>\n<div id=\"mc_embed_signup\">\n<form action=\"https:\/\/cutoff.us3.list-manage.com\/subscribe\/post?u=0cd14b9f4ea04415a843bd3e3&amp;id=d9054a6a77\" class=\"validate\" id=\"mc-embedded-subscribe-form\" method=\"post\" name=\"mc-embedded-subscribe-form\" novalidate=\"\" target=\"_blank\">\n<div id=\"mc_embed_signup_scroll\">\n<h2>Suscr\u00edbete aqu\u00ed a nuestra newsletter<\/h2>\n\n<div class=\"indicates-required\"><span class=\"asterisk\">*<\/span> campo obligatorio<\/div>\n\n<div class=\"mc-field-group\"><label for=\"mce-EMAIL\">Email <span class=\"asterisk\">*<\/span> <\/label> <input class=\"required email\" id=\"mce-EMAIL\" name=\"EMAIL\" type=\"email\" value=\"\"><\/div>\n\n<div class=\"mc-field-group\"><label for=\"mce-FNAME\">Nombre <\/label> <input id=\"mce-FNAME\" name=\"FNAME\" type=\"text\" value=\"\"><\/div>\n\n<div class=\"clear foot\" id=\"mce-responses\">\n<div class=\"response\" id=\"mce-error-response\" style=\"display:none\">&nbsp;<\/div>\n\n<div class=\"response\" id=\"mce-success-response\" style=\"display:none\">&nbsp;<\/div>\n<\/div>\n<!-- real people should not fill this in and expect good things - do not remove this or risk form bot signups-->\n\n<div aria-hidden=\"true\" style=\"position: absolute; left: -5000px;\"><input name=\"b_0cd14b9f4ea04415a843bd3e3_d9054a6a77\" tabindex=\"-1\" type=\"text\" value=\"\"><\/div>\n\n<div class=\"optionalParent\">\n<div class=\"clear foot\"><input class=\"button\" id=\"mc-embedded-subscribe\" name=\"subscribe\" type=\"submit\" value=\"Subscribe\"><\/div>\n<\/div>\n<\/div>\n<\/form>\n<\/div>\n<script type=\"text\/javascript\" src=\"\/\/s3.amazonaws.com\/downloads.mailchimp.com\/js\/mc-validate.js\"><\/script><script type=\"text\/javascript\">(function($) {window.fnames = new Array(); window.ftypes = new Array();fnames[0]='EMAIL';ftypes[0]='email';fnames[1]='FNAME';ftypes[1]='text';}(jQuery));var $mcj = jQuery.noConflict(true);<\/script><!--End mc_embed_signup-->\n","protected":false},"excerpt":{"rendered":"<p>El tema de este nuevo art\u00edculo centra el foco principal en el t\u00e9rmino Analog de Elektron. Si bien el fabricante sueco anunciaba a mediados de esta semana el cambio de color a negro de dos de sus m\u00e1quinas insignia como son Analog RYTM y Four, la not\u00edcia no ha quedado aqu\u00ed, ya que hace escasas&hellip;&nbsp;<a href=\"https:\/\/www.cutoff.es\/blog\/analog-black-actualizaciones-firmware\/\" class=\"\" rel=\"bookmark\">Leer m&#225;s &raquo;<span class=\"screen-reader-text\">Analog Black y actualizaciones de firmware<\/span><\/a><\/p>\n","protected":false},"author":4,"featured_media":7090,"comment_status":"open","ping_status":"closed","sticky":false,"template":"","format":"standard","meta":{"neve_meta_sidebar":"","neve_meta_container":"","neve_meta_enable_content_width":"","neve_meta_content_width":0,"neve_meta_title_alignment":"","neve_meta_author_avatar":"","neve_post_elements_order":"","neve_meta_disable_header":"","neve_meta_disable_footer":"","neve_meta_disable_title":""},"categories":[18],"tags":[702,703,86],"yoast_head":"<!-- This site is optimized with the Yoast SEO plugin v15.1.1 - https:\/\/yoast.com\/wordpress\/plugins\/seo\/ -->\n<title>Analog Black y actualizaciones de firmware | Cutoff Blog<\/title>\n<meta name=\"description\" content=\"Elektron centra el foco en sus Analog con el cambio de color a negro y con una importante actualizaci\u00f3n de firmware para Analog RYTM y Analog Four Mk2.\" \/>\n<meta name=\"robots\" content=\"index, follow, max-snippet:-1, max-image-preview:large, max-video-preview:-1\" \/>\n<link rel=\"canonical\" href=\"https:\/\/www.cutoff.es\/blog\/analog-black-actualizaciones-firmware\/\" \/>\n<meta property=\"og:locale\" content=\"es_ES\" \/>\n<meta property=\"og:type\" content=\"article\" \/>\n<meta property=\"og:title\" content=\"Analog Black y actualizaciones de firmware | Cutoff Blog\" \/>\n<meta property=\"og:description\" content=\"Elektron centra el foco en sus Analog con el cambio de color a negro y con una importante actualizaci\u00f3n de firmware para Analog RYTM y Analog Four Mk2.\" \/>\n<meta property=\"og:url\" content=\"https:\/\/www.cutoff.es\/blog\/analog-black-actualizaciones-firmware\/\" \/>\n<meta property=\"og:site_name\" content=\"Cutoff Blog\" \/>\n<meta property=\"article:publisher\" content=\"https:\/\/es-es.facebook.com\/cutoffproaudio\" \/>\n<meta property=\"article:author\" content=\"https:\/\/www.facebook.com\/cutoffproaudio\" \/>\n<meta property=\"article:published_time\" content=\"2020-09-25T10:00:04+00:00\" \/>\n<meta property=\"article:modified_time\" content=\"2025-11-03T08:55:41+00:00\" \/>\n<meta property=\"og:image\" content=\"https:\/\/www.cutoff.es\/blog\/wp-content\/uploads\/2020\/09\/Analog-Black-y-actualizaciones-de-firmware.jpg\" \/>\n\t<meta property=\"og:image:width\" content=\"798\" \/>\n\t<meta property=\"og:image:height\" content=\"385\" \/>\n<script type=\"application\/ld+json\" class=\"yoast-schema-graph\">{\"@context\":\"https:\/\/schema.org\",\"@graph\":[{\"@type\":\"WebSite\",\"@id\":\"https:\/\/www.cutoff.es\/blog\/#website\",\"url\":\"https:\/\/www.cutoff.es\/blog\/\",\"name\":\"Cutoff Blog\",\"description\":\"Blog de Cutoff, novedades sobre equipamiento DJ, inform\\u00e1ci\\u00f3n sobre eventos y artistas del panorama de la m\\u00fasica electr\\u00f3nica\",\"potentialAction\":[{\"@type\":\"SearchAction\",\"target\":\"https:\/\/www.cutoff.es\/blog\/?s={search_term_string}\",\"query-input\":\"required name=search_term_string\"}],\"inLanguage\":\"es\"},{\"@type\":\"ImageObject\",\"@id\":\"https:\/\/www.cutoff.es\/blog\/analog-black-actualizaciones-firmware\/#primaryimage\",\"inLanguage\":\"es\",\"url\":\"https:\/\/www.cutoff.es\/blog\/wp-content\/uploads\/2020\/09\/Analog-Black-y-actualizaciones-de-firmware.jpg\",\"width\":798,\"height\":385,\"caption\":\"Analog Black y actualizaciones de firmware\"},{\"@type\":\"WebPage\",\"@id\":\"https:\/\/www.cutoff.es\/blog\/analog-black-actualizaciones-firmware\/#webpage\",\"url\":\"https:\/\/www.cutoff.es\/blog\/analog-black-actualizaciones-firmware\/\",\"name\":\"Analog Black y actualizaciones de firmware | Cutoff Blog\",\"isPartOf\":{\"@id\":\"https:\/\/www.cutoff.es\/blog\/#website\"},\"primaryImageOfPage\":{\"@id\":\"https:\/\/www.cutoff.es\/blog\/analog-black-actualizaciones-firmware\/#primaryimage\"},\"datePublished\":\"2020-09-25T10:00:04+00:00\",\"dateModified\":\"2025-11-03T08:55:41+00:00\",\"author\":{\"@id\":\"https:\/\/www.cutoff.es\/blog\/#\/schema\/person\/8ceb71095834bcd9d6df48f482722ce4\"},\"description\":\"Elektron centra el foco en sus Analog con el cambio de color a negro y con una importante actualizaci\\u00f3n de firmware para Analog RYTM y Analog Four Mk2.\",\"inLanguage\":\"es\",\"potentialAction\":[{\"@type\":\"ReadAction\",\"target\":[\"https:\/\/www.cutoff.es\/blog\/analog-black-actualizaciones-firmware\/\"]}]},{\"@type\":\"Person\",\"@id\":\"https:\/\/www.cutoff.es\/blog\/#\/schema\/person\/8ceb71095834bcd9d6df48f482722ce4\",\"name\":\"Cutoff\",\"image\":{\"@type\":\"ImageObject\",\"@id\":\"https:\/\/www.cutoff.es\/blog\/#personlogo\",\"inLanguage\":\"es\",\"url\":\"https:\/\/secure.gravatar.com\/avatar\/14840c74b35686d5739748d3a55855cd?s=96&d=mm&r=g\",\"caption\":\"Cutoff\"},\"description\":\"CUTOFF PRO AUDIO es una joven empresa que nace para dar un servicio personalizado a las necesidades del Productor Musical y\/o Deejay actual, ofreciendo asesoramiento profesional, soluciones a medida a precios competitivos, distingui\\u00e9ndonos por ofrecer un trato personalizado a nuestra clientela.\",\"sameAs\":[\"https:\/\/www.cutoff.es\",\"https:\/\/www.facebook.com\/cutoffproaudio\",\"https:\/\/www.instagram.com\/cutoffproaudio\",\"https:\/\/twitter.com\/cutoffproaudio\",\"https:\/\/www.youtube.com\/cutoffproaudio\"]}]}<\/script>\n<!-- \/ Yoast SEO plugin. -->","_links":{"self":[{"href":"https:\/\/www.cutoff.es\/blog\/wp-json\/wp\/v2\/posts\/7072"}],"collection":[{"href":"https:\/\/www.cutoff.es\/blog\/wp-json\/wp\/v2\/posts"}],"about":[{"href":"https:\/\/www.cutoff.es\/blog\/wp-json\/wp\/v2\/types\/post"}],"author":[{"embeddable":true,"href":"https:\/\/www.cutoff.es\/blog\/wp-json\/wp\/v2\/users\/4"}],"replies":[{"embeddable":true,"href":"https:\/\/www.cutoff.es\/blog\/wp-json\/wp\/v2\/comments?post=7072"}],"version-history":[{"count":27,"href":"https:\/\/www.cutoff.es\/blog\/wp-json\/wp\/v2\/posts\/7072\/revisions"}],"predecessor-version":[{"id":12698,"href":"https:\/\/www.cutoff.es\/blog\/wp-json\/wp\/v2\/posts\/7072\/revisions\/12698"}],"wp:featuredmedia":[{"embeddable":true,"href":"https:\/\/www.cutoff.es\/blog\/wp-json\/wp\/v2\/media\/7090"}],"wp:attachment":[{"href":"https:\/\/www.cutoff.es\/blog\/wp-json\/wp\/v2\/media?parent=7072"}],"wp:term":[{"taxonomy":"category","embeddable":true,"href":"https:\/\/www.cutoff.es\/blog\/wp-json\/wp\/v2\/categories?post=7072"},{"taxonomy":"post_tag","embeddable":true,"href":"https:\/\/www.cutoff.es\/blog\/wp-json\/wp\/v2\/tags?post=7072"}],"curies":[{"name":"wp","href":"https:\/\/api.w.org\/{rel}","templated":true}]}}