{"id":6207,"date":"2020-03-16T11:41:26","date_gmt":"2020-03-16T10:41:26","guid":{"rendered":"https:\/\/www.cutoff.es\/blog\/?p=6207"},"modified":"2022-04-29T19:37:03","modified_gmt":"2022-04-29T17:37:03","slug":"situacion-cutoff-ante-covid-19","status":"publish","type":"post","link":"https:\/\/www.cutoff.es\/blog\/situacion-cutoff-ante-covid-19\/","title":{"rendered":"Situaci\u00f3n en Cutoff ante la alarma por COVID-19"},"content":{"rendered":"\n<p>Ante la declaraci\u00f3n del estado de alarma nacional por la pandemia de COVID-19 y con el fin de poder aplicar las medidas adoptadas por el gobierno, queremos comentarte los cambios que hemos decidido llevar a cabo.<\/p>\n\n\n\n<p>Mientras dure la situaci\u00f3n de alarma nacional, nuestra tienda f\u00edsica permanecer\u00e1 cerrada al p\u00fablico. Cutoff s\u00f3lo funcionar\u00e1 como tienda online.<\/p>\n\n\n\n<p>Nuestros pedidos se est\u00e1n sirviendo con normalidad aunque dada la actual situaci\u00f3n, es probable que la entrega de pedidos pueda demorarse por encima de los plazos de entrega habituales. Desde Cutoff te pedimos paciencia y comprensi\u00f3n.<\/p>\n\n\n\n<p>Para que puedas disfrutar y hacer m\u00fasica durante esta desagradable pero necesaria situaci\u00f3n de alarma, hemos decidido que el pedido m\u00ednimo para realizar env\u00edos a portes pagados pasa a ser de <strong>99 \u20ac IVA incluido<\/strong> (solo pen\u00ednsula).<\/p>\n\n\n\n<p>Por el mismo motivo y a fin de minimizar el contacto y garantizar la distancia de seguridad entre personas, <span style=\"text-decoration: underline;\">hemos retirado las opciones de pago contra-reembolso y recogida en tienda<\/span>.<\/p>\n\n\n\n<p>Todos los productos que recepcionemos y todos los env\u00edos de material que realicemos ser\u00e1n debidamente manipulados con el fin de garantizar la salud de todos.<\/p>\n\n\n\n<p>Podr\u00e1s contactar con nosotros por las <a href=\"https:\/\/www.cutoff.es\/contacto\" target=\"_blank\" rel=\"noopener noreferrer\">v\u00edas habituales<\/a>: tel\u00e9fono, e-mail, redes sociales y chat. Estaremos encantados de atenderte.<\/p>\n\n\n\n<p>Cualquier tipo de solicitud o tramitaci\u00f3n de documentaci\u00f3n (copia de la factura, etc\u2026.) se realizar\u00e1 exclusivamente por v\u00eda telem\u00e1tica. Te pedimos paciencia si hay alg\u00fan pico puntual de consultas que no puedan ser atendidas como es habitual.<\/p>\n\n\n\n<p>Dado que estamos en una situaci\u00f3n cambiante a cada minuto, nos adaptaremos a cualquier cambio que puedan notificar las autoridades con la mayor brevedad y lo comunicaremos a nuestros clientes.<\/p>\n\n\n\n<p>Muchas gracias por tu comprensi\u00f3n. Queremos garantizar que sigas pudiendo disfrutar de tu pasi\u00f3n, la m\u00fasica, con toda la seguridad posible y recuerda: No salgas de casa. Es de vital importancia que reduzcamos nuestros movimientos y sigamos en todo momento las indicaciones de las autoridades a fin de contener, controlar y erradicar esta pandemia en el menor tiempo posible. S\u00f3lo as\u00ed, nuestro personal m\u00e9dico y sanitario, aut\u00e9nticos h\u00e9roes a los que estaremos eternamente agradecidos, podr\u00e1n desempe\u00f1ar su grandiosa labor con la mayor eficacia.<\/p>\n\n\n\n<hr class=\"wp-block-separator\">\n<figure class=\"wp-block-image\"><img src=\"https:\/\/www.cutoff.es\/blog\/wp-content\/uploads\/2020\/10\/animacion-suscripcion-newsletter-2.gif\" alt=\"Suscripcion Newsletter\"><\/figure>\n<!-- Begin Mailchimp Signup Form -->\n<link href=\"\/\/cdn-images.mailchimp.com\/embedcode\/classic-10_7_dtp.css\" rel=\"stylesheet\" type=\"text\/css\">\n<style type=\"text\/css\">#mc_embed_signup{background:#fff; clear:left; font:14px Helvetica,Arial,sans-serif;  width:800px;}\n\t\/* Add your own Mailchimp form style overrides in your site stylesheet or in this style block.\n\t   We recommend moving this block and the preceding CSS link to the HEAD of your HTML file. *\/\n<\/style>\n<div id=\"mc_embed_signup\">\n<form action=\"https:\/\/cutoff.us3.list-manage.com\/subscribe\/post?u=0cd14b9f4ea04415a843bd3e3&amp;id=d9054a6a77\" class=\"validate\" id=\"mc-embedded-subscribe-form\" method=\"post\" name=\"mc-embedded-subscribe-form\" novalidate=\"\" target=\"_blank\">\n<div id=\"mc_embed_signup_scroll\">\n<h2>Suscr\u00edbete aqu\u00ed a nuestra newsletter<\/h2>\n\n<div class=\"indicates-required\"><span class=\"asterisk\">*<\/span> campo obligatorio<\/div>\n\n<div class=\"mc-field-group\"><label for=\"mce-EMAIL\">Email <span class=\"asterisk\">*<\/span> <\/label> <input class=\"required email\" id=\"mce-EMAIL\" name=\"EMAIL\" type=\"email\" value=\"\"><\/div>\n\n<div class=\"mc-field-group\"><label for=\"mce-FNAME\">Nombre <\/label> <input id=\"mce-FNAME\" name=\"FNAME\" type=\"text\" value=\"\"><\/div>\n\n<div class=\"clear foot\" id=\"mce-responses\">\n<div class=\"response\" id=\"mce-error-response\" style=\"display:none\">&nbsp;<\/div>\n\n<div class=\"response\" id=\"mce-success-response\" style=\"display:none\">&nbsp;<\/div>\n<\/div>\n<!-- real people should not fill this in and expect good things - do not remove this or risk form bot signups-->\n\n<div aria-hidden=\"true\" style=\"position: absolute; left: -5000px;\"><input name=\"b_0cd14b9f4ea04415a843bd3e3_d9054a6a77\" tabindex=\"-1\" type=\"text\" value=\"\"><\/div>\n\n<div class=\"optionalParent\">\n<div class=\"clear foot\"><input class=\"button\" id=\"mc-embedded-subscribe\" name=\"subscribe\" type=\"submit\" value=\"Subscribe\"><\/div>\n<\/div>\n<\/div>\n<\/form>\n<\/div>\n<script type=\"text\/javascript\" src=\"\/\/s3.amazonaws.com\/downloads.mailchimp.com\/js\/mc-validate.js\"><\/script><script type=\"text\/javascript\">(function($) {window.fnames = new Array(); window.ftypes = new Array();fnames[0]='EMAIL';ftypes[0]='email';fnames[1]='FNAME';ftypes[1]='text';}(jQuery));var $mcj = jQuery.noConflict(true);<\/script><!--End mc_embed_signup-->\n","protected":false},"excerpt":{"rendered":"<p>Ante la declaraci\u00f3n del estado de alarma nacional por la pandemia de COVID-19 y con el fin de poder aplicar las medidas adoptadas por el gobierno, queremos comentarte los cambios que hemos decidido llevar a cabo. Mientras dure la situaci\u00f3n de alarma nacional, nuestra tienda f\u00edsica permanecer\u00e1 cerrada al p\u00fablico. Cutoff s\u00f3lo funcionar\u00e1 como tienda&hellip;&nbsp;<a href=\"https:\/\/www.cutoff.es\/blog\/situacion-cutoff-ante-covid-19\/\" class=\"\" rel=\"bookmark\">Leer m&#225;s &raquo;<span class=\"screen-reader-text\">Situaci\u00f3n en Cutoff ante la alarma por COVID-19<\/span><\/a><\/p>\n","protected":false},"author":4,"featured_media":6211,"comment_status":"open","ping_status":"closed","sticky":false,"template":"","format":"standard","meta":{"neve_meta_sidebar":"","neve_meta_container":"","neve_meta_enable_content_width":"","neve_meta_content_width":0,"neve_meta_title_alignment":"","neve_meta_author_avatar":"","neve_post_elements_order":"","neve_meta_disable_header":"","neve_meta_disable_footer":"","neve_meta_disable_title":""},"categories":[18],"tags":[902],"yoast_head":"<!-- This site is optimized with the Yoast SEO plugin v15.1.1 - https:\/\/yoast.com\/wordpress\/plugins\/seo\/ -->\n<title>Situaci\u00f3n en Cutoff ante la alarma por COVID-19 | Cutoff Blog<\/title>\n<meta name=\"description\" content=\"Ante la declaraci\u00f3n del estado de alarma nacional por COVID-19 hemos realizado cambios en nuestra operativa habitual, funcionando exclusivamente online.\" \/>\n<meta name=\"robots\" content=\"index, follow, max-snippet:-1, max-image-preview:large, max-video-preview:-1\" \/>\n<link rel=\"canonical\" href=\"https:\/\/www.cutoff.es\/blog\/situacion-cutoff-ante-covid-19\/\" \/>\n<meta property=\"og:locale\" content=\"es_ES\" \/>\n<meta property=\"og:type\" content=\"article\" \/>\n<meta property=\"og:title\" content=\"Situaci\u00f3n en Cutoff ante la alarma por COVID-19 | Cutoff Blog\" \/>\n<meta property=\"og:description\" content=\"Ante la declaraci\u00f3n del estado de alarma nacional por COVID-19 hemos realizado cambios en nuestra operativa habitual, funcionando exclusivamente online.\" \/>\n<meta property=\"og:url\" content=\"https:\/\/www.cutoff.es\/blog\/situacion-cutoff-ante-covid-19\/\" \/>\n<meta property=\"og:site_name\" content=\"Cutoff Blog\" \/>\n<meta property=\"article:publisher\" content=\"https:\/\/es-es.facebook.com\/cutoffproaudio\" \/>\n<meta property=\"article:author\" content=\"https:\/\/www.facebook.com\/cutoffproaudio\" \/>\n<meta property=\"article:published_time\" content=\"2020-03-16T10:41:26+00:00\" \/>\n<meta property=\"article:modified_time\" content=\"2022-04-29T17:37:03+00:00\" \/>\n<meta property=\"og:image\" content=\"https:\/\/www.cutoff.es\/blog\/wp-content\/uploads\/2020\/03\/Situacion-en-Cutoff-ante-la-alarma-por-COVID-19.jpg\" \/>\n\t<meta property=\"og:image:width\" content=\"798\" \/>\n\t<meta property=\"og:image:height\" content=\"385\" \/>\n<script type=\"application\/ld+json\" class=\"yoast-schema-graph\">{\"@context\":\"https:\/\/schema.org\",\"@graph\":[{\"@type\":\"WebSite\",\"@id\":\"https:\/\/www.cutoff.es\/blog\/#website\",\"url\":\"https:\/\/www.cutoff.es\/blog\/\",\"name\":\"Cutoff Blog\",\"description\":\"Blog de Cutoff, novedades sobre equipamiento DJ, inform\\u00e1ci\\u00f3n sobre eventos y artistas del panorama de la m\\u00fasica electr\\u00f3nica\",\"potentialAction\":[{\"@type\":\"SearchAction\",\"target\":\"https:\/\/www.cutoff.es\/blog\/?s={search_term_string}\",\"query-input\":\"required name=search_term_string\"}],\"inLanguage\":\"es\"},{\"@type\":\"ImageObject\",\"@id\":\"https:\/\/www.cutoff.es\/blog\/situacion-cutoff-ante-covid-19\/#primaryimage\",\"inLanguage\":\"es\",\"url\":\"https:\/\/www.cutoff.es\/blog\/wp-content\/uploads\/2020\/03\/Situacion-en-Cutoff-ante-la-alarma-por-COVID-19.jpg\",\"width\":798,\"height\":385},{\"@type\":\"WebPage\",\"@id\":\"https:\/\/www.cutoff.es\/blog\/situacion-cutoff-ante-covid-19\/#webpage\",\"url\":\"https:\/\/www.cutoff.es\/blog\/situacion-cutoff-ante-covid-19\/\",\"name\":\"Situaci\\u00f3n en Cutoff ante la alarma por COVID-19 | Cutoff Blog\",\"isPartOf\":{\"@id\":\"https:\/\/www.cutoff.es\/blog\/#website\"},\"primaryImageOfPage\":{\"@id\":\"https:\/\/www.cutoff.es\/blog\/situacion-cutoff-ante-covid-19\/#primaryimage\"},\"datePublished\":\"2020-03-16T10:41:26+00:00\",\"dateModified\":\"2022-04-29T17:37:03+00:00\",\"author\":{\"@id\":\"https:\/\/www.cutoff.es\/blog\/#\/schema\/person\/8ceb71095834bcd9d6df48f482722ce4\"},\"description\":\"Ante la declaraci\\u00f3n del estado de alarma nacional por COVID-19 hemos realizado cambios en nuestra operativa habitual, funcionando exclusivamente online.\",\"inLanguage\":\"es\",\"potentialAction\":[{\"@type\":\"ReadAction\",\"target\":[\"https:\/\/www.cutoff.es\/blog\/situacion-cutoff-ante-covid-19\/\"]}]},{\"@type\":\"Person\",\"@id\":\"https:\/\/www.cutoff.es\/blog\/#\/schema\/person\/8ceb71095834bcd9d6df48f482722ce4\",\"name\":\"Cutoff\",\"image\":{\"@type\":\"ImageObject\",\"@id\":\"https:\/\/www.cutoff.es\/blog\/#personlogo\",\"inLanguage\":\"es\",\"url\":\"https:\/\/secure.gravatar.com\/avatar\/14840c74b35686d5739748d3a55855cd?s=96&d=mm&r=g\",\"caption\":\"Cutoff\"},\"description\":\"CUTOFF PRO AUDIO es una joven empresa que nace para dar un servicio personalizado a las necesidades del Productor Musical y\/o Deejay actual, ofreciendo asesoramiento profesional, soluciones a medida a precios competitivos, distingui\\u00e9ndonos por ofrecer un trato personalizado a nuestra clientela.\",\"sameAs\":[\"https:\/\/www.cutoff.es\",\"https:\/\/www.facebook.com\/cutoffproaudio\",\"https:\/\/www.instagram.com\/cutoffproaudio\",\"https:\/\/twitter.com\/cutoffproaudio\",\"https:\/\/www.youtube.com\/cutoffproaudio\"]}]}<\/script>\n<!-- \/ Yoast SEO plugin. -->","_links":{"self":[{"href":"https:\/\/www.cutoff.es\/blog\/wp-json\/wp\/v2\/posts\/6207"}],"collection":[{"href":"https:\/\/www.cutoff.es\/blog\/wp-json\/wp\/v2\/posts"}],"about":[{"href":"https:\/\/www.cutoff.es\/blog\/wp-json\/wp\/v2\/types\/post"}],"author":[{"embeddable":true,"href":"https:\/\/www.cutoff.es\/blog\/wp-json\/wp\/v2\/users\/4"}],"replies":[{"embeddable":true,"href":"https:\/\/www.cutoff.es\/blog\/wp-json\/wp\/v2\/comments?post=6207"}],"version-history":[{"count":6,"href":"https:\/\/www.cutoff.es\/blog\/wp-json\/wp\/v2\/posts\/6207\/revisions"}],"predecessor-version":[{"id":10343,"href":"https:\/\/www.cutoff.es\/blog\/wp-json\/wp\/v2\/posts\/6207\/revisions\/10343"}],"wp:featuredmedia":[{"embeddable":true,"href":"https:\/\/www.cutoff.es\/blog\/wp-json\/wp\/v2\/media\/6211"}],"wp:attachment":[{"href":"https:\/\/www.cutoff.es\/blog\/wp-json\/wp\/v2\/media?parent=6207"}],"wp:term":[{"taxonomy":"category","embeddable":true,"href":"https:\/\/www.cutoff.es\/blog\/wp-json\/wp\/v2\/categories?post=6207"},{"taxonomy":"post_tag","embeddable":true,"href":"https:\/\/www.cutoff.es\/blog\/wp-json\/wp\/v2\/tags?post=6207"}],"curies":[{"name":"wp","href":"https:\/\/api.w.org\/{rel}","templated":true}]}}