{"id":5895,"date":"2019-11-25T10:00:46","date_gmt":"2019-11-25T09:00:46","guid":{"rendered":"https:\/\/www.cutoff.es\/blog\/?p=5895"},"modified":"2022-04-29T19:41:29","modified_gmt":"2022-04-29T17:41:29","slug":"black-friday-2019-cutoff","status":"publish","type":"post","link":"https:\/\/www.cutoff.es\/blog\/black-friday-2019-cutoff\/","title":{"rendered":"Black Friday 2019 en Cutoff"},"content":{"rendered":"\n<p>Una vez m\u00e1s, llega una de las fechas m\u00e1s esperadas del a\u00f1o. Mr. Black Friday est\u00e1 muy cerca, y en Cutoff vas a poder encontrar muy pronto las mejores ofertas del a\u00f1o en los mejores productos y marcas de tecnolog\u00eda musical del mercado. Seguro que esto te interesa as\u00ed que sigue leyendo porque a continuaci\u00f3n te contamos todos los detalles:<\/p>\n\n\n\n<h3><strong>\u00bfCu\u00e1ndo empieza el Black Friday?<\/strong><\/h3>\n\n\n\n<p>Oficialmente Mr. Black Friday llegar\u00e1 este pr\u00f3ximo viernes 29 de noviembre a las 00h pero \u00a1no te preocupes! porque si no puedes esperar hasta entonces, hemos preparado un breve adelanto con una selecci\u00f3n de 20 productos para que la espera sea lo menos dolorosa posible. Adem\u00e1s, puedes sugerirle a Mr. Black Friday los productos que te gustar\u00eda encontrar en las ofertas. Puedes ver la selecci\u00f3n previa y sugerir tus productos <a href=\"https:\/\/blackfriday.cutoff.es\/\" target=\"_blank\" rel=\"noopener noreferrer\">aqu\u00ed<\/a>.<\/p>\n\n\n\n<h3><strong>\u00bfHasta cuando dura el Black Friday?<\/strong><\/h3>\n\n\n\n<p>Puedes beneficiarte de las ofertas de este Black Friday 2019 hasta el pr\u00f3ximo lunes 2 de diciembre de 2019 a las 23:59h as\u00ed que \u00a1aprovecha mientras duren las ofertas y no te dejes nada en el carrito!<\/p>\n\n\n\n<h3><strong>Horario especial Black Friday<\/strong><\/h3>\n\n\n\n<p>El pr\u00f3ximo s\u00e1bado 30 de noviembre nuestra tienda f\u00edsica estar\u00e1 abierta en horario de 10 a 14 h y de 15 a 20 h para que puedas realizar tus compras y recoger tus pedidos en la tienda, o bien si quieres venir y comprar directamente en nuestra tienda.<\/p>\n\n\n\n<p>\u00bfQuieres saber d\u00f3nde estamos? Haz clic <a href=\"\/contacto\" target=\"_blank\" rel=\"noopener noreferrer\">aqu\u00ed<\/a>.<\/p>\n\n\n\n<div class=\"wp-block-image\"><figure class=\"aligncenter\"><a href=\"\/contacto\" rel=\"attachment wp-att-5911\"><img loading=\"lazy\" width=\"1200\" height=\"800\" src=\"https:\/\/www.cutoff.es\/blog\/wp-content\/uploads\/2019\/11\/Cutoff-Tienda.jpg\" alt=\"Tienda f\u00edsica Cutoff\" class=\"wp-image-5911\" title=\"Black Friday 2019 en Cutoff\" srcset=\"https:\/\/www.cutoff.es\/blog\/wp-content\/uploads\/2019\/11\/Cutoff-Tienda.jpg 1200w, https:\/\/www.cutoff.es\/blog\/wp-content\/uploads\/2019\/11\/Cutoff-Tienda-300x200.jpg 300w, https:\/\/www.cutoff.es\/blog\/wp-content\/uploads\/2019\/11\/Cutoff-Tienda-768x512.jpg 768w, https:\/\/www.cutoff.es\/blog\/wp-content\/uploads\/2019\/11\/Cutoff-Tienda-1024x683.jpg 1024w, https:\/\/www.cutoff.es\/blog\/wp-content\/uploads\/2019\/11\/Cutoff-Tienda-798x532.jpg 798w\" sizes=\"(max-width: 1200px) 100vw, 1200px\" \/><\/a><\/figure><\/div>\n\n\n\n<h4><span style=\"text-decoration: underline;\"><strong>Financia tus compras durante el Black Friday 2019<\/strong><\/span><\/h4>\n\n\n\n<p>Recuerda que tambi\u00e9n puedes financiar tus compras en Cutoff durante este Black Friday 2019 hasta en 30 meses SIN INTERESES.<\/p>\n\n\n\n<div class=\"wp-block-image\"><figure class=\"aligncenter\"><a href=\"\/content\/17-info-cetelem\" rel=\"attachment noopener wp-att-5927 noreferrer\"><img loading=\"lazy\" width=\"1200\" height=\"464\" src=\"https:\/\/www.cutoff.es\/blog\/wp-content\/uploads\/2019\/11\/image005.jpg\" alt=\"Este Black Friday 2019 financia tus compras en Cutoff\" class=\"wp-image-5927\" srcset=\"https:\/\/www.cutoff.es\/blog\/wp-content\/uploads\/2019\/11\/image005.jpg 1200w, https:\/\/www.cutoff.es\/blog\/wp-content\/uploads\/2019\/11\/image005-300x116.jpg 300w, https:\/\/www.cutoff.es\/blog\/wp-content\/uploads\/2019\/11\/image005-768x297.jpg 768w, https:\/\/www.cutoff.es\/blog\/wp-content\/uploads\/2019\/11\/image005-1024x396.jpg 1024w, https:\/\/www.cutoff.es\/blog\/wp-content\/uploads\/2019\/11\/image005-798x309.jpg 798w\" sizes=\"(max-width: 1200px) 100vw, 1200px\" \/><\/a><figcaption>Este Black Friday 2019 financia tus compras en Cutoff con Cetelem<\/figcaption><\/figure><\/div>\n\n\n\n<h2>Y recuerda que&#8230;<\/h2>\n\n\n\n<p>..si te hace especial ilusi\u00f3n que Mr. Black Friday tenga en cuenta algunos productos&nbsp; no te olvides de pasar por <a href=\"https:\/\/blackfriday.cutoff.es\/\" target=\"_blank\" rel=\"noopener noreferrer\">aqu\u00ed<\/a> para pedirlos. \u00a1Intentaremos tener el mayor n\u00famero de productos para tod@s!<\/p>\n\n\n\n<hr class=\"wp-block-separator\">\n<figure class=\"wp-block-image\"><img src=\"https:\/\/www.cutoff.es\/blog\/wp-content\/uploads\/2020\/10\/animacion-suscripcion-newsletter-2.gif\" alt=\"Suscripcion Newsletter\"><\/figure>\n<!-- Begin Mailchimp Signup Form -->\n<link href=\"\/\/cdn-images.mailchimp.com\/embedcode\/classic-10_7_dtp.css\" rel=\"stylesheet\" type=\"text\/css\">\n<style type=\"text\/css\">#mc_embed_signup{background:#fff; clear:left; font:14px Helvetica,Arial,sans-serif;  width:800px;}\n\t\/* Add your own Mailchimp form style overrides in your site stylesheet or in this style block.\n\t   We recommend moving this block and the preceding CSS link to the HEAD of your HTML file. *\/\n<\/style>\n<div id=\"mc_embed_signup\">\n<form action=\"https:\/\/cutoff.us3.list-manage.com\/subscribe\/post?u=0cd14b9f4ea04415a843bd3e3&amp;id=d9054a6a77\" class=\"validate\" id=\"mc-embedded-subscribe-form\" method=\"post\" name=\"mc-embedded-subscribe-form\" novalidate=\"\" target=\"_blank\">\n<div id=\"mc_embed_signup_scroll\">\n<h2>Suscr\u00edbete aqu\u00ed a nuestra newsletter<\/h2>\n\n<div class=\"indicates-required\"><span class=\"asterisk\">*<\/span> campo obligatorio<\/div>\n\n<div class=\"mc-field-group\"><label for=\"mce-EMAIL\">Email <span class=\"asterisk\">*<\/span> <\/label> <input class=\"required email\" id=\"mce-EMAIL\" name=\"EMAIL\" type=\"email\" value=\"\"><\/div>\n\n<div class=\"mc-field-group\"><label for=\"mce-FNAME\">Nombre <\/label> <input id=\"mce-FNAME\" name=\"FNAME\" type=\"text\" value=\"\"><\/div>\n\n<div class=\"clear foot\" id=\"mce-responses\">\n<div class=\"response\" id=\"mce-error-response\" style=\"display:none\">&nbsp;<\/div>\n\n<div class=\"response\" id=\"mce-success-response\" style=\"display:none\">&nbsp;<\/div>\n<\/div>\n<!-- real people should not fill this in and expect good things - do not remove this or risk form bot signups-->\n\n<div aria-hidden=\"true\" style=\"position: absolute; left: -5000px;\"><input name=\"b_0cd14b9f4ea04415a843bd3e3_d9054a6a77\" tabindex=\"-1\" type=\"text\" value=\"\"><\/div>\n\n<div class=\"optionalParent\">\n<div class=\"clear foot\"><input class=\"button\" id=\"mc-embedded-subscribe\" name=\"subscribe\" type=\"submit\" value=\"Subscribe\"><\/div>\n<\/div>\n<\/div>\n<\/form>\n<\/div>\n<script type=\"text\/javascript\" src=\"\/\/s3.amazonaws.com\/downloads.mailchimp.com\/js\/mc-validate.js\"><\/script><script type=\"text\/javascript\">(function($) {window.fnames = new Array(); window.ftypes = new Array();fnames[0]='EMAIL';ftypes[0]='email';fnames[1]='FNAME';ftypes[1]='text';}(jQuery));var $mcj = jQuery.noConflict(true);<\/script><!--End mc_embed_signup-->\n","protected":false},"excerpt":{"rendered":"<p>Una vez m\u00e1s, llega una de las fechas m\u00e1s esperadas del a\u00f1o. Mr. Black Friday est\u00e1 muy cerca, y en Cutoff vas a poder encontrar muy pronto las mejores ofertas del a\u00f1o en los mejores productos y marcas de tecnolog\u00eda musical del mercado. Seguro que esto te interesa as\u00ed que sigue leyendo porque a continuaci\u00f3n&hellip;&nbsp;<a href=\"https:\/\/www.cutoff.es\/blog\/black-friday-2019-cutoff\/\" class=\"\" rel=\"bookmark\">Leer m&#225;s &raquo;<span class=\"screen-reader-text\">Black Friday 2019 en Cutoff<\/span><\/a><\/p>\n","protected":false},"author":4,"featured_media":5907,"comment_status":"open","ping_status":"closed","sticky":false,"template":"","format":"standard","meta":{"neve_meta_sidebar":"","neve_meta_container":"","neve_meta_enable_content_width":"","neve_meta_content_width":0,"neve_meta_title_alignment":"","neve_meta_author_avatar":"","neve_post_elements_order":"","neve_meta_disable_header":"","neve_meta_disable_footer":"","neve_meta_disable_title":""},"categories":[51],"tags":[635],"yoast_head":"<!-- This site is optimized with the Yoast SEO plugin v15.1.1 - https:\/\/yoast.com\/wordpress\/plugins\/seo\/ -->\n<title>Black Friday 2019 en Cutoff | Cutoff Blog<\/title>\n<meta name=\"description\" content=\"Benef\u00edciate de las mejores ofertas en tecnolog\u00eda musical de este Black Friday 2019 desde el pr\u00f3ximo viernes 29 de noviembre a las 00h.\" \/>\n<meta name=\"robots\" content=\"index, follow, max-snippet:-1, max-image-preview:large, max-video-preview:-1\" \/>\n<link rel=\"canonical\" href=\"https:\/\/www.cutoff.es\/blog\/black-friday-2019-cutoff\/\" \/>\n<meta property=\"og:locale\" content=\"es_ES\" \/>\n<meta property=\"og:type\" content=\"article\" \/>\n<meta property=\"og:title\" content=\"Black Friday 2019 en Cutoff | Cutoff Blog\" \/>\n<meta property=\"og:description\" content=\"Benef\u00edciate de las mejores ofertas en tecnolog\u00eda musical de este Black Friday 2019 desde el pr\u00f3ximo viernes 29 de noviembre a las 00h.\" \/>\n<meta property=\"og:url\" content=\"https:\/\/www.cutoff.es\/blog\/black-friday-2019-cutoff\/\" \/>\n<meta property=\"og:site_name\" content=\"Cutoff Blog\" \/>\n<meta property=\"article:publisher\" content=\"https:\/\/es-es.facebook.com\/cutoffproaudio\" \/>\n<meta property=\"article:author\" content=\"https:\/\/www.facebook.com\/cutoffproaudio\" \/>\n<meta property=\"article:published_time\" content=\"2019-11-25T09:00:46+00:00\" \/>\n<meta property=\"article:modified_time\" content=\"2022-04-29T17:41:29+00:00\" \/>\n<meta property=\"og:image\" content=\"https:\/\/www.cutoff.es\/blog\/wp-content\/uploads\/2019\/11\/Black-Friday-2019-BLOG-.jpg\" \/>\n\t<meta property=\"og:image:width\" content=\"798\" \/>\n\t<meta property=\"og:image:height\" content=\"385\" \/>\n<script type=\"application\/ld+json\" class=\"yoast-schema-graph\">{\"@context\":\"https:\/\/schema.org\",\"@graph\":[{\"@type\":\"WebSite\",\"@id\":\"https:\/\/www.cutoff.es\/blog\/#website\",\"url\":\"https:\/\/www.cutoff.es\/blog\/\",\"name\":\"Cutoff Blog\",\"description\":\"Blog de Cutoff, novedades sobre equipamiento DJ, inform\\u00e1ci\\u00f3n sobre eventos y artistas del panorama de la m\\u00fasica electr\\u00f3nica\",\"potentialAction\":[{\"@type\":\"SearchAction\",\"target\":\"https:\/\/www.cutoff.es\/blog\/?s={search_term_string}\",\"query-input\":\"required name=search_term_string\"}],\"inLanguage\":\"es\"},{\"@type\":\"ImageObject\",\"@id\":\"https:\/\/www.cutoff.es\/blog\/black-friday-2019-cutoff\/#primaryimage\",\"inLanguage\":\"es\",\"url\":\"https:\/\/www.cutoff.es\/blog\/wp-content\/uploads\/2019\/11\/Black-Friday-2019-BLOG-.jpg\",\"width\":798,\"height\":385,\"caption\":\"Black Friday 2019 en Cutoff\"},{\"@type\":\"WebPage\",\"@id\":\"https:\/\/www.cutoff.es\/blog\/black-friday-2019-cutoff\/#webpage\",\"url\":\"https:\/\/www.cutoff.es\/blog\/black-friday-2019-cutoff\/\",\"name\":\"Black Friday 2019 en Cutoff | Cutoff Blog\",\"isPartOf\":{\"@id\":\"https:\/\/www.cutoff.es\/blog\/#website\"},\"primaryImageOfPage\":{\"@id\":\"https:\/\/www.cutoff.es\/blog\/black-friday-2019-cutoff\/#primaryimage\"},\"datePublished\":\"2019-11-25T09:00:46+00:00\",\"dateModified\":\"2022-04-29T17:41:29+00:00\",\"author\":{\"@id\":\"https:\/\/www.cutoff.es\/blog\/#\/schema\/person\/8ceb71095834bcd9d6df48f482722ce4\"},\"description\":\"Benef\\u00edciate de las mejores ofertas en tecnolog\\u00eda musical de este Black Friday 2019 desde el pr\\u00f3ximo viernes 29 de noviembre a las 00h.\",\"inLanguage\":\"es\",\"potentialAction\":[{\"@type\":\"ReadAction\",\"target\":[\"https:\/\/www.cutoff.es\/blog\/black-friday-2019-cutoff\/\"]}]},{\"@type\":\"Person\",\"@id\":\"https:\/\/www.cutoff.es\/blog\/#\/schema\/person\/8ceb71095834bcd9d6df48f482722ce4\",\"name\":\"Cutoff\",\"image\":{\"@type\":\"ImageObject\",\"@id\":\"https:\/\/www.cutoff.es\/blog\/#personlogo\",\"inLanguage\":\"es\",\"url\":\"https:\/\/secure.gravatar.com\/avatar\/14840c74b35686d5739748d3a55855cd?s=96&d=mm&r=g\",\"caption\":\"Cutoff\"},\"description\":\"CUTOFF PRO AUDIO es una joven empresa que nace para dar un servicio personalizado a las necesidades del Productor Musical y\/o Deejay actual, ofreciendo asesoramiento profesional, soluciones a medida a precios competitivos, distingui\\u00e9ndonos por ofrecer un trato personalizado a nuestra clientela.\",\"sameAs\":[\"https:\/\/www.cutoff.es\",\"https:\/\/www.facebook.com\/cutoffproaudio\",\"https:\/\/www.instagram.com\/cutoffproaudio\",\"https:\/\/twitter.com\/cutoffproaudio\",\"https:\/\/www.youtube.com\/cutoffproaudio\"]}]}<\/script>\n<!-- \/ Yoast SEO plugin. -->","_links":{"self":[{"href":"https:\/\/www.cutoff.es\/blog\/wp-json\/wp\/v2\/posts\/5895"}],"collection":[{"href":"https:\/\/www.cutoff.es\/blog\/wp-json\/wp\/v2\/posts"}],"about":[{"href":"https:\/\/www.cutoff.es\/blog\/wp-json\/wp\/v2\/types\/post"}],"author":[{"embeddable":true,"href":"https:\/\/www.cutoff.es\/blog\/wp-json\/wp\/v2\/users\/4"}],"replies":[{"embeddable":true,"href":"https:\/\/www.cutoff.es\/blog\/wp-json\/wp\/v2\/comments?post=5895"}],"version-history":[{"count":39,"href":"https:\/\/www.cutoff.es\/blog\/wp-json\/wp\/v2\/posts\/5895\/revisions"}],"predecessor-version":[{"id":10351,"href":"https:\/\/www.cutoff.es\/blog\/wp-json\/wp\/v2\/posts\/5895\/revisions\/10351"}],"wp:featuredmedia":[{"embeddable":true,"href":"https:\/\/www.cutoff.es\/blog\/wp-json\/wp\/v2\/media\/5907"}],"wp:attachment":[{"href":"https:\/\/www.cutoff.es\/blog\/wp-json\/wp\/v2\/media?parent=5895"}],"wp:term":[{"taxonomy":"category","embeddable":true,"href":"https:\/\/www.cutoff.es\/blog\/wp-json\/wp\/v2\/categories?post=5895"},{"taxonomy":"post_tag","embeddable":true,"href":"https:\/\/www.cutoff.es\/blog\/wp-json\/wp\/v2\/tags?post=5895"}],"curies":[{"name":"wp","href":"https:\/\/api.w.org\/{rel}","templated":true}]}}