{"id":586,"date":"2014-04-04T10:00:04","date_gmt":"2014-04-04T09:00:04","guid":{"rendered":"http:\/\/www.cutoff.es\/blog\/?p=586"},"modified":"2020-10-06T16:18:29","modified_gmt":"2020-10-06T14:18:29","slug":"storung-festival-9","status":"publish","type":"post","link":"https:\/\/www.cutoff.es\/blog\/storung-festival-9\/","title":{"rendered":"Os presentamos Storung Festival 9"},"content":{"rendered":"<h2>Os presentamos Storung Festival 9<\/h2>\n<p>Nos enorgullece presentaros la novena edici\u00f3n del festival que organiza la plataforma <strong>St\u00f6rung<\/strong>, un evento que nos hace especial ilusi\u00f3n por ser un proyecto con una idea muy definida en cuanto a m\u00fasica electr\u00f3nica experimental y artes visuales se refiere y que a\u00f1o tras a\u00f1o desarrolla en un edificio tan emblem\u00e1tico como es la <strong>Farinera del Clot<\/strong>, de nuestra querida ciudad condal.<\/p>\n<p><img loading=\"lazy\" class=\"aligncenter wp-image-597 size-large\" src=\"https:\/\/www.cutoff.es\/blog\/wp-content\/uploads\/2014\/04\/MikaVainio3-1024x682.jpg\" alt=\"Os presentamos Storung Festival 9\" width=\"625\" height=\"416\" srcset=\"https:\/\/www.cutoff.es\/blog\/wp-content\/uploads\/2014\/04\/MikaVainio3-1024x682.jpg 1024w, https:\/\/www.cutoff.es\/blog\/wp-content\/uploads\/2014\/04\/MikaVainio3-300x200.jpg 300w\" sizes=\"(max-width: 625px) 100vw, 625px\" \/><\/p>\n<p>Un a\u00f1o m\u00e1s <strong>Cutoff<\/strong> es colaborador oficial del festival, ofreciendo material (mezcladores para estudio, directo y club de la marca inglesa <a href=\"\/16_allen-heath\">Allen &amp; Heath<\/a>, entre otros) y soporte tecnol\u00f3gico para que muchas de las actividades se puedan llevar a cabo, entre las que destacan los conciertos de artistas tan significativos como: <strong>Wolfgang Voigt<\/strong> (fundador del prestigioso sello Kompakt), <strong>Francisco L\u00f3pez<\/strong> (referencia mundial de las grabaciones de campo con m\u00e1s de 30 a\u00f1os de experiencia y 400 publicaciones en 320 sellos de todo el mundo), <strong>Mika Vainio<\/strong> (artista finland\u00e9s responsable durante 16 a\u00f1os del reconocido proyecto Pan Sonic y que contin\u00faa siendo uno de los grandes m\u00fasicos electr\u00f3nicos con su proyecto en solitario), <strong>Giuseppe Ielasi<\/strong> (uno de los m\u00e1ximos exponentes de la escena italiana quien tambi\u00e9n trabaja para teatro y cine, y que ha publicado en sellos como 12k, Entr&#8217;acte, Editions Mego o en su propio Senufo Editions) o Pe Lang (artista sonoro suizo que desde 1994 crea instalaciones con objetos sonoros mec\u00e1nicos) o <strong>Mia Zabelka<\/strong> (compositora experimental, violinista y vocalista procedente de Viena), entre otros.<\/p>\n<p><img loading=\"lazy\" class=\"aligncenter wp-image-594 size-large\" src=\"https:\/\/www.cutoff.es\/blog\/wp-content\/uploads\/2014\/04\/Wolfgang-Voigt_2-815x1024.jpg\" alt=\"Os presentamos Storung Festival 9\" width=\"625\" height=\"785\" srcset=\"https:\/\/www.cutoff.es\/blog\/wp-content\/uploads\/2014\/04\/Wolfgang-Voigt_2-815x1024.jpg 815w, https:\/\/www.cutoff.es\/blog\/wp-content\/uploads\/2014\/04\/Wolfgang-Voigt_2-238x300.jpg 238w, https:\/\/www.cutoff.es\/blog\/wp-content\/uploads\/2014\/04\/Wolfgang-Voigt_2.jpg 1975w\" sizes=\"(max-width: 625px) 100vw, 625px\" \/><\/p>\n<p>Pero <strong>St\u00f6rung<\/strong> tambi\u00e9n pone a vuestra disposici\u00f3n diversos workshops audiovisuales como &#8216;Ambisonics&#8217;, que impartir\u00e1 el artista italiano <strong>TeZ<\/strong>,\u00a0 &#8216;Subtle Listening&#8217; impartido por el reconocido americano <strong>Kim Cascone<\/strong> (asistente de edici\u00f3n musical para David Lynch en la serie Twin Peaks)<strong>\u00a0 <\/strong>; o tambi\u00e9n conferencias como la que dar\u00e1 la artista irlandesa <strong>Barbara Ellison<\/strong> titulada &#8216;Sonic Phantoms&#8217;.<\/p>\n<p><img loading=\"lazy\" class=\"aligncenter wp-image-595 size-large\" src=\"https:\/\/www.cutoff.es\/blog\/wp-content\/uploads\/2014\/04\/Pe_performing_c_loop-1024x680.jpg\" alt=\"Os presentamos Storung Festival 9\" width=\"625\" height=\"415\" srcset=\"https:\/\/www.cutoff.es\/blog\/wp-content\/uploads\/2014\/04\/Pe_performing_c_loop-1024x680.jpg 1024w, https:\/\/www.cutoff.es\/blog\/wp-content\/uploads\/2014\/04\/Pe_performing_c_loop-300x199.jpg 300w\" sizes=\"(max-width: 625px) 100vw, 625px\" \/><\/p>\n<p>Adem\u00e1s, podremos disfrutar del estreno en exclusiva del cortometraje &#8216;Janvier&#8217;, dirigido por <strong>Pier Paolo Patti,<\/strong> con la banda sonora producida por Asf\u00e9rico, Matter y Retina.it. Sin olvidar el concierto inaugural en el vest\u00edbulo de la parada del metro de Universitat de <strong>Barcelona<\/strong>.<\/p>\n<p><img loading=\"lazy\" class=\"aligncenter wp-image-598 size-full\" src=\"https:\/\/www.cutoff.es\/blog\/wp-content\/uploads\/2014\/04\/3.jpg\" alt=\"Os presentamos Storung Festival 9\" width=\"960\" height=\"615\" srcset=\"https:\/\/www.cutoff.es\/blog\/wp-content\/uploads\/2014\/04\/3.jpg 960w, https:\/\/www.cutoff.es\/blog\/wp-content\/uploads\/2014\/04\/3-300x192.jpg 300w\" sizes=\"(max-width: 960px) 100vw, 960px\" \/><\/p>\n<p>Si quieres vivir una experiencia audiovisual sin precedentes, no te lo pienses, inf\u00f3rmate y disfruta la posibilidad de conocer con m\u00e1s detalle distintas tendencias del \u00e1mbito electr\u00f3nico experimental en las cuales <strong>St\u00f6rung<\/strong> trabaja desde el a\u00f1o 2006.<\/p>\n<p>M\u00e1s informaci\u00f3n y entradas <a href=\"https:\/\/www.storung.com\" target=\"_blank\">aqu\u00ed<\/a>.<\/p>\n","protected":false},"excerpt":{"rendered":"<p>Os presentamos Storung Festival 9 Nos enorgullece presentaros la novena edici\u00f3n del festival que organiza la plataforma St\u00f6rung, un evento que nos hace especial ilusi\u00f3n por ser un proyecto con una idea muy definida en cuanto a m\u00fasica electr\u00f3nica experimental y artes visuales se refiere y que a\u00f1o tras a\u00f1o desarrolla en un edificio tan&hellip;&nbsp;<a href=\"https:\/\/www.cutoff.es\/blog\/storung-festival-9\/\" class=\"\" rel=\"bookmark\">Leer m&#225;s &raquo;<span class=\"screen-reader-text\">Os presentamos Storung Festival 9<\/span><\/a><\/p>\n","protected":false},"author":4,"featured_media":587,"comment_status":"open","ping_status":"open","sticky":false,"template":"","format":"standard","meta":{"neve_meta_sidebar":"","neve_meta_container":"","neve_meta_enable_content_width":"","neve_meta_content_width":0,"neve_meta_title_alignment":"","neve_meta_author_avatar":"","neve_post_elements_order":"","neve_meta_disable_header":"","neve_meta_disable_footer":"","neve_meta_disable_title":""},"categories":[84,125,51,2],"tags":[129,30,132,131,128,126,127,133,130,134],"yoast_head":"<!-- This site is optimized with the Yoast SEO plugin v15.1.1 - https:\/\/yoast.com\/wordpress\/plugins\/seo\/ -->\n<title>Os presentamos Storung Festival 9 | Cutoff Blog<\/title>\n<meta name=\"description\" content=\"Llega la novena edici\u00f3n del festival St\u00f6rung, un evento con una idea muy definida en cuanto a m\u00fasica electr\u00f3nica experimental y artes visuales se refiere.\" \/>\n<meta name=\"robots\" content=\"index, follow, max-snippet:-1, max-image-preview:large, max-video-preview:-1\" \/>\n<link rel=\"canonical\" href=\"https:\/\/www.cutoff.es\/blog\/storung-festival-9\/\" \/>\n<meta property=\"og:locale\" content=\"es_ES\" \/>\n<meta property=\"og:type\" content=\"article\" \/>\n<meta property=\"og:title\" content=\"Os presentamos Storung Festival 9 | Cutoff Blog\" \/>\n<meta property=\"og:description\" content=\"Llega la novena edici\u00f3n del festival St\u00f6rung, un evento con una idea muy definida en cuanto a m\u00fasica electr\u00f3nica experimental y artes visuales se refiere.\" \/>\n<meta property=\"og:url\" content=\"https:\/\/www.cutoff.es\/blog\/storung-festival-9\/\" \/>\n<meta property=\"og:site_name\" content=\"Cutoff Blog\" \/>\n<meta property=\"article:publisher\" content=\"https:\/\/es-es.facebook.com\/cutoffproaudio\" \/>\n<meta property=\"article:author\" content=\"https:\/\/www.facebook.com\/cutoffproaudio\" \/>\n<meta property=\"article:published_time\" content=\"2014-04-04T09:00:04+00:00\" \/>\n<meta property=\"article:modified_time\" content=\"2020-10-06T14:18:29+00:00\" \/>\n<meta property=\"og:image\" content=\"https:\/\/www.cutoff.es\/blog\/wp-content\/uploads\/2014\/04\/storung_festival_9.jpg\" \/>\n\t<meta property=\"og:image:width\" content=\"620\" \/>\n\t<meta property=\"og:image:height\" content=\"300\" \/>\n<script type=\"application\/ld+json\" class=\"yoast-schema-graph\">{\"@context\":\"https:\/\/schema.org\",\"@graph\":[{\"@type\":\"WebSite\",\"@id\":\"https:\/\/www.cutoff.es\/blog\/#website\",\"url\":\"https:\/\/www.cutoff.es\/blog\/\",\"name\":\"Cutoff Blog\",\"description\":\"Blog de Cutoff, novedades sobre equipamiento DJ, inform\\u00e1ci\\u00f3n sobre eventos y artistas del panorama de la m\\u00fasica electr\\u00f3nica\",\"potentialAction\":[{\"@type\":\"SearchAction\",\"target\":\"https:\/\/www.cutoff.es\/blog\/?s={search_term_string}\",\"query-input\":\"required name=search_term_string\"}],\"inLanguage\":\"es\"},{\"@type\":\"ImageObject\",\"@id\":\"https:\/\/www.cutoff.es\/blog\/storung-festival-9\/#primaryimage\",\"inLanguage\":\"es\",\"url\":\"https:\/\/www.cutoff.es\/blog\/wp-content\/uploads\/2014\/04\/storung_festival_9.jpg\",\"width\":620,\"height\":300,\"caption\":\"Os presentamos Storung Festival 9\"},{\"@type\":\"WebPage\",\"@id\":\"https:\/\/www.cutoff.es\/blog\/storung-festival-9\/#webpage\",\"url\":\"https:\/\/www.cutoff.es\/blog\/storung-festival-9\/\",\"name\":\"Os presentamos Storung Festival 9 | Cutoff Blog\",\"isPartOf\":{\"@id\":\"https:\/\/www.cutoff.es\/blog\/#website\"},\"primaryImageOfPage\":{\"@id\":\"https:\/\/www.cutoff.es\/blog\/storung-festival-9\/#primaryimage\"},\"datePublished\":\"2014-04-04T09:00:04+00:00\",\"dateModified\":\"2020-10-06T14:18:29+00:00\",\"author\":{\"@id\":\"https:\/\/www.cutoff.es\/blog\/#\/schema\/person\/8ceb71095834bcd9d6df48f482722ce4\"},\"description\":\"Llega la novena edici\\u00f3n del festival St\\u00f6rung, un evento con una idea muy definida en cuanto a m\\u00fasica electr\\u00f3nica experimental y artes visuales se refiere.\",\"inLanguage\":\"es\",\"potentialAction\":[{\"@type\":\"ReadAction\",\"target\":[\"https:\/\/www.cutoff.es\/blog\/storung-festival-9\/\"]}]},{\"@type\":\"Person\",\"@id\":\"https:\/\/www.cutoff.es\/blog\/#\/schema\/person\/8ceb71095834bcd9d6df48f482722ce4\",\"name\":\"Cutoff\",\"image\":{\"@type\":\"ImageObject\",\"@id\":\"https:\/\/www.cutoff.es\/blog\/#personlogo\",\"inLanguage\":\"es\",\"url\":\"https:\/\/secure.gravatar.com\/avatar\/14840c74b35686d5739748d3a55855cd?s=96&d=mm&r=g\",\"caption\":\"Cutoff\"},\"description\":\"CUTOFF PRO AUDIO es una joven empresa que nace para dar un servicio personalizado a las necesidades del Productor Musical y\/o Deejay actual, ofreciendo asesoramiento profesional, soluciones a medida a precios competitivos, distingui\\u00e9ndonos por ofrecer un trato personalizado a nuestra clientela.\",\"sameAs\":[\"https:\/\/www.cutoff.es\",\"https:\/\/www.facebook.com\/cutoffproaudio\",\"https:\/\/www.instagram.com\/cutoffproaudio\",\"https:\/\/twitter.com\/cutoffproaudio\",\"https:\/\/www.youtube.com\/cutoffproaudio\"]}]}<\/script>\n<!-- \/ Yoast SEO plugin. -->","_links":{"self":[{"href":"https:\/\/www.cutoff.es\/blog\/wp-json\/wp\/v2\/posts\/586"}],"collection":[{"href":"https:\/\/www.cutoff.es\/blog\/wp-json\/wp\/v2\/posts"}],"about":[{"href":"https:\/\/www.cutoff.es\/blog\/wp-json\/wp\/v2\/types\/post"}],"author":[{"embeddable":true,"href":"https:\/\/www.cutoff.es\/blog\/wp-json\/wp\/v2\/users\/4"}],"replies":[{"embeddable":true,"href":"https:\/\/www.cutoff.es\/blog\/wp-json\/wp\/v2\/comments?post=586"}],"version-history":[{"count":16,"href":"https:\/\/www.cutoff.es\/blog\/wp-json\/wp\/v2\/posts\/586\/revisions"}],"predecessor-version":[{"id":7201,"href":"https:\/\/www.cutoff.es\/blog\/wp-json\/wp\/v2\/posts\/586\/revisions\/7201"}],"wp:featuredmedia":[{"embeddable":true,"href":"https:\/\/www.cutoff.es\/blog\/wp-json\/wp\/v2\/media\/587"}],"wp:attachment":[{"href":"https:\/\/www.cutoff.es\/blog\/wp-json\/wp\/v2\/media?parent=586"}],"wp:term":[{"taxonomy":"category","embeddable":true,"href":"https:\/\/www.cutoff.es\/blog\/wp-json\/wp\/v2\/categories?post=586"},{"taxonomy":"post_tag","embeddable":true,"href":"https:\/\/www.cutoff.es\/blog\/wp-json\/wp\/v2\/tags?post=586"}],"curies":[{"name":"wp","href":"https:\/\/api.w.org\/{rel}","templated":true}]}}