{"id":5588,"date":"2019-08-26T17:00:58","date_gmt":"2019-08-26T15:00:58","guid":{"rendered":"https:\/\/www.cutoff.es\/blog\/?p=5588"},"modified":"2025-07-29T11:02:29","modified_gmt":"2025-07-29T09:02:29","slug":"cutoff-modular-day-6","status":"publish","type":"post","link":"https:\/\/www.cutoff.es\/blog\/cutoff-modular-day-6\/","title":{"rendered":"Cutoff en Modular Day #6"},"content":{"rendered":"\n<p><strong>Modular Day<\/strong> es uno de los eventos a los que m\u00e1s nos gusta asistir. Adem\u00e1s de suponer el punto y final del periodo vacacional (por las fechas m\u00e1s que nada), es una ocasi\u00f3n muy especial para que vendedores, fabricantes y usuarios nos reunamos para presentar novedades e intercambiar opiniones. Porque s\u00ed, este a\u00f1o, como no pod\u00eda ser de otro modo, volveremos a estar en <strong>Modular Day<\/strong>, que ya va por su sexta edici\u00f3n (y subiendo).<\/p>\n\n\n\n<p>En nuestro stand tendremos las \u00faltimas novedades de fabricantes como <a href=\"\/269_mutable-instruments\">Mutable Instruments<\/a>, <a href=\"\/276_noise-engineering\">Noise Engineering<\/a>, <a href=\"\/282_xaoc-devices\">Xaoc Devices<\/a> o <a href=\"\/285_erica-synths\">Erica Synths<\/a> para que puedas probar sus (infinitas) posibilidades y estaciones de trabajo basadas en Ableton Live con <a href=\"\/6877-push-2-suite-de-regalo.html\">Push 2<\/a> corriendo <strong>CV Tools<\/strong> y mucho m\u00e1s. Ser\u00e1 una ocasi\u00f3n ideal para que puedas probar el nuevo <a href=\"\/8976-viol-ruina.html\">Viol Ruina<\/a> o comprobar toda la versatilidad que pueden ofrecer m\u00f3dulos como la envolvente cu\u00e1druple vectorial&nbsp;<a href=\"\/8426-zadar.html\">Zadar<\/a>, el lector de muestras\/sampler&nbsp;<a href=\"\/8630-sample-drum.html\">Drum Sample<\/a>&nbsp;o el generador de voltajes&nbsp;<a href=\"\/8273-mutable-instruments-stages.html\">Stages<\/a>. Y como todos los a\u00f1os nos gusta traer una sorpresita, este a\u00f1o no iba a ser distinto. \u00bfQue cu\u00e1l es nuestra sorpresa para este a\u00f1o? \u00a1Pues tendr\u00e1s que pasar a visitarnos!<\/p>\n\n\n\n<figure class=\"wp-block-embed-youtube wp-block-embed is-type-video is-provider-youtube wp-embed-aspect-16-9 wp-has-aspect-ratio\"><div class=\"wp-block-embed__wrapper\">\n<div class=\"nv-iframe-embed\"><iframe title=\"Blog: Meet Ataraxic Iteritas: the many faces of AI -- harsh to pretty waveforms\" width=\"1200\" height=\"675\" src=\"https:\/\/www.youtube.com\/embed\/UvjHlMdI8Ac?feature=oembed\" frameborder=\"0\" allow=\"accelerometer; autoplay; clipboard-write; encrypted-media; gyroscope; picture-in-picture\" allowfullscreen><\/iframe><\/div>\n<\/div><\/figure>\n\n\n\n<p>En lo que respecta a actividades dentro del <strong>Modular Day<\/strong>, adem\u00e1s de los talleres y charlas que tendr\u00e1n lugar, el apartado de actuaciones en directo siguen ganando peso. En cuanto a actuaciones internacionales nos gustar\u00eda destacar la de Jan Jelinek. Si hablamos de actuaciones nacionales, adem\u00e1s de sospechosos habituales como Ralp, tenemos especial ganas por ver que har\u00e1n sobre el escenario nuestros queridos <a href=\"https:\/\/www.instagram.com\/_ambarmusic_\/\" target=\"_blank\" rel=\"noopener noreferrer\">\u00c1mbar<\/a>.<\/p>\n\n\n\n<figure class=\"wp-block-embed-youtube wp-block-embed is-type-video is-provider-youtube wp-embed-aspect-16-9 wp-has-aspect-ratio\"><div class=\"wp-block-embed__wrapper\">\n<div class=\"nv-iframe-embed\"><iframe title=\"Scanner live at Modular Day Barcelona #05\" width=\"1200\" height=\"675\" src=\"https:\/\/www.youtube.com\/embed\/xljzfLSe9-o?start=2367&#038;feature=oembed\" frameborder=\"0\" allow=\"accelerometer; autoplay; clipboard-write; encrypted-media; gyroscope; picture-in-picture\" allowfullscreen><\/iframe><\/div>\n<\/div><\/figure>\n\n\n\n<p>P\u00e1sate a visitar nuestro stand dentro de la feria&nbsp; de sintes que tendr\u00e1 lugar en Hangar&nbsp;este s\u00e1bado 31 de agosto a partir de las 10:30.<\/p>\n\n\n\n<p>C\u00f3mo llegar:<\/p>\n\n\n\n<p><iframe style=\"border: 0;\" src=\"https:\/\/www.google.com\/maps\/embed?pb=!1m14!1m8!1m3!1d11969.664641787425!2d2.199717!3d41.408484!3m2!1i1024!2i768!4f13.1!3m3!1m2!1s0x0%3A0xfc8902c18a2b1f52!2sHangar.org!5e0!3m2!1ses!2ses!4v1566833358729!5m2!1ses!2ses\" width=\"600\" height=\"450\" frameborder=\"0\" allowfullscreen=\"allowfullscreen\"><\/iframe><\/p>\n\n\n\n<hr class=\"wp-block-separator\">\n<figure class=\"wp-block-image\"><img src=\"https:\/\/www.cutoff.es\/blog\/wp-content\/uploads\/2020\/10\/animacion-suscripcion-newsletter-2.gif\" alt=\"Suscripcion Newsletter\"><\/figure>\n<!-- Begin Mailchimp Signup Form -->\n<link href=\"\/\/cdn-images.mailchimp.com\/embedcode\/classic-10_7_dtp.css\" rel=\"stylesheet\" type=\"text\/css\">\n<style type=\"text\/css\">#mc_embed_signup{background:#fff; clear:left; font:14px Helvetica,Arial,sans-serif;  width:800px;}\n\t\/* Add your own Mailchimp form style overrides in your site stylesheet or in this style block.\n\t   We recommend moving this block and the preceding CSS link to the HEAD of your HTML file. *\/\n<\/style>\n<div id=\"mc_embed_signup\">\n<form action=\"https:\/\/cutoff.us3.list-manage.com\/subscribe\/post?u=0cd14b9f4ea04415a843bd3e3&amp;id=d9054a6a77\" class=\"validate\" id=\"mc-embedded-subscribe-form\" method=\"post\" name=\"mc-embedded-subscribe-form\" novalidate=\"\" target=\"_blank\">\n<div id=\"mc_embed_signup_scroll\">\n<h2>Suscr\u00edbete aqu\u00ed a nuestra newsletter<\/h2>\n\n<div class=\"indicates-required\"><span class=\"asterisk\">*<\/span> campo obligatorio<\/div>\n\n<div class=\"mc-field-group\"><label for=\"mce-EMAIL\">Email <span class=\"asterisk\">*<\/span> <\/label> <input class=\"required email\" id=\"mce-EMAIL\" name=\"EMAIL\" type=\"email\" value=\"\"><\/div>\n\n<div class=\"mc-field-group\"><label for=\"mce-FNAME\">Nombre <\/label> <input id=\"mce-FNAME\" name=\"FNAME\" type=\"text\" value=\"\"><\/div>\n\n<div class=\"clear foot\" id=\"mce-responses\">\n<div class=\"response\" id=\"mce-error-response\" style=\"display:none\">&nbsp;<\/div>\n\n<div class=\"response\" id=\"mce-success-response\" style=\"display:none\">&nbsp;<\/div>\n<\/div>\n<!-- real people should not fill this in and expect good things - do not remove this or risk form bot signups-->\n\n<div aria-hidden=\"true\" style=\"position: absolute; left: -5000px;\"><input name=\"b_0cd14b9f4ea04415a843bd3e3_d9054a6a77\" tabindex=\"-1\" type=\"text\" value=\"\"><\/div>\n\n<div class=\"optionalParent\">\n<div class=\"clear foot\"><input class=\"button\" id=\"mc-embedded-subscribe\" name=\"subscribe\" type=\"submit\" value=\"Subscribe\"><\/div>\n<\/div>\n<\/div>\n<\/form>\n<\/div>\n<script type=\"text\/javascript\" src=\"\/\/s3.amazonaws.com\/downloads.mailchimp.com\/js\/mc-validate.js\"><\/script><script type=\"text\/javascript\">(function($) {window.fnames = new Array(); window.ftypes = new Array();fnames[0]='EMAIL';ftypes[0]='email';fnames[1]='FNAME';ftypes[1]='text';}(jQuery));var $mcj = jQuery.noConflict(true);<\/script><!--End mc_embed_signup-->\n","protected":false},"excerpt":{"rendered":"<p>Modular Day es uno de los eventos a los que m\u00e1s nos gusta asistir. Adem\u00e1s de suponer el punto y final del periodo vacacional (por las fechas m\u00e1s que nada), es una ocasi\u00f3n muy especial para que vendedores, fabricantes y usuarios nos reunamos para presentar novedades e intercambiar opiniones. Porque s\u00ed, este a\u00f1o, como no&hellip;&nbsp;<a href=\"https:\/\/www.cutoff.es\/blog\/cutoff-modular-day-6\/\" class=\"\" rel=\"bookmark\">Leer m&#225;s &raquo;<span class=\"screen-reader-text\">Cutoff en Modular Day #6<\/span><\/a><\/p>\n","protected":false},"author":4,"featured_media":5589,"comment_status":"open","ping_status":"closed","sticky":false,"template":"","format":"standard","meta":{"neve_meta_sidebar":"","neve_meta_container":"","neve_meta_enable_content_width":"","neve_meta_content_width":0,"neve_meta_title_alignment":"","neve_meta_author_avatar":"","neve_post_elements_order":"","neve_meta_disable_header":"","neve_meta_disable_footer":"","neve_meta_disable_title":""},"categories":[84],"tags":[677,716,879,667,880],"yoast_head":"<!-- This site is optimized with the Yoast SEO plugin v15.1.1 - https:\/\/yoast.com\/wordpress\/plugins\/seo\/ -->\n<title>Cutoff en Modular Day #6 | Cutoff Blog<\/title>\n<meta name=\"description\" content=\"Llega la sexta edici\u00f3n de Modular Day en Hangar y estaremos con nuestro stand mostrando las \u00faltimas novedades en m\u00f3dulos eurorack junto a muchas sorpresas.\" \/>\n<meta name=\"robots\" content=\"index, follow, max-snippet:-1, max-image-preview:large, max-video-preview:-1\" \/>\n<link rel=\"canonical\" href=\"https:\/\/www.cutoff.es\/blog\/cutoff-modular-day-6\/\" \/>\n<meta property=\"og:locale\" content=\"es_ES\" \/>\n<meta property=\"og:type\" content=\"article\" \/>\n<meta property=\"og:title\" content=\"Cutoff en Modular Day #6 | Cutoff Blog\" \/>\n<meta property=\"og:description\" content=\"Llega la sexta edici\u00f3n de Modular Day en Hangar y estaremos con nuestro stand mostrando las \u00faltimas novedades en m\u00f3dulos eurorack junto a muchas sorpresas.\" \/>\n<meta property=\"og:url\" content=\"https:\/\/www.cutoff.es\/blog\/cutoff-modular-day-6\/\" \/>\n<meta property=\"og:site_name\" content=\"Cutoff Blog\" \/>\n<meta property=\"article:publisher\" content=\"https:\/\/es-es.facebook.com\/cutoffproaudio\" \/>\n<meta property=\"article:author\" content=\"https:\/\/www.facebook.com\/cutoffproaudio\" \/>\n<meta property=\"article:published_time\" content=\"2019-08-26T15:00:58+00:00\" \/>\n<meta property=\"article:modified_time\" content=\"2025-07-29T09:02:29+00:00\" \/>\n<meta property=\"og:image\" content=\"https:\/\/www.cutoff.es\/blog\/wp-content\/uploads\/2019\/08\/cutoff-modular-day-6.jpg\" \/>\n\t<meta property=\"og:image:width\" content=\"797\" \/>\n\t<meta property=\"og:image:height\" content=\"385\" \/>\n<script type=\"application\/ld+json\" class=\"yoast-schema-graph\">{\"@context\":\"https:\/\/schema.org\",\"@graph\":[{\"@type\":\"WebSite\",\"@id\":\"https:\/\/www.cutoff.es\/blog\/#website\",\"url\":\"https:\/\/www.cutoff.es\/blog\/\",\"name\":\"Cutoff Blog\",\"description\":\"Blog de Cutoff, novedades sobre equipamiento DJ, inform\\u00e1ci\\u00f3n sobre eventos y artistas del panorama de la m\\u00fasica electr\\u00f3nica\",\"potentialAction\":[{\"@type\":\"SearchAction\",\"target\":\"https:\/\/www.cutoff.es\/blog\/?s={search_term_string}\",\"query-input\":\"required name=search_term_string\"}],\"inLanguage\":\"es\"},{\"@type\":\"ImageObject\",\"@id\":\"https:\/\/www.cutoff.es\/blog\/cutoff-modular-day-6\/#primaryimage\",\"inLanguage\":\"es\",\"url\":\"https:\/\/www.cutoff.es\/blog\/wp-content\/uploads\/2019\/08\/cutoff-modular-day-6.jpg\",\"width\":797,\"height\":385},{\"@type\":\"WebPage\",\"@id\":\"https:\/\/www.cutoff.es\/blog\/cutoff-modular-day-6\/#webpage\",\"url\":\"https:\/\/www.cutoff.es\/blog\/cutoff-modular-day-6\/\",\"name\":\"Cutoff en Modular Day #6 | Cutoff Blog\",\"isPartOf\":{\"@id\":\"https:\/\/www.cutoff.es\/blog\/#website\"},\"primaryImageOfPage\":{\"@id\":\"https:\/\/www.cutoff.es\/blog\/cutoff-modular-day-6\/#primaryimage\"},\"datePublished\":\"2019-08-26T15:00:58+00:00\",\"dateModified\":\"2025-07-29T09:02:29+00:00\",\"author\":{\"@id\":\"https:\/\/www.cutoff.es\/blog\/#\/schema\/person\/8ceb71095834bcd9d6df48f482722ce4\"},\"description\":\"Llega la sexta edici\\u00f3n de Modular Day en Hangar y estaremos con nuestro stand mostrando las \\u00faltimas novedades en m\\u00f3dulos eurorack junto a muchas sorpresas.\",\"inLanguage\":\"es\",\"potentialAction\":[{\"@type\":\"ReadAction\",\"target\":[\"https:\/\/www.cutoff.es\/blog\/cutoff-modular-day-6\/\"]}]},{\"@type\":\"Person\",\"@id\":\"https:\/\/www.cutoff.es\/blog\/#\/schema\/person\/8ceb71095834bcd9d6df48f482722ce4\",\"name\":\"Cutoff\",\"image\":{\"@type\":\"ImageObject\",\"@id\":\"https:\/\/www.cutoff.es\/blog\/#personlogo\",\"inLanguage\":\"es\",\"url\":\"https:\/\/secure.gravatar.com\/avatar\/14840c74b35686d5739748d3a55855cd?s=96&d=mm&r=g\",\"caption\":\"Cutoff\"},\"description\":\"CUTOFF PRO AUDIO es una joven empresa que nace para dar un servicio personalizado a las necesidades del Productor Musical y\/o Deejay actual, ofreciendo asesoramiento profesional, soluciones a medida a precios competitivos, distingui\\u00e9ndonos por ofrecer un trato personalizado a nuestra clientela.\",\"sameAs\":[\"https:\/\/www.cutoff.es\",\"https:\/\/www.facebook.com\/cutoffproaudio\",\"https:\/\/www.instagram.com\/cutoffproaudio\",\"https:\/\/twitter.com\/cutoffproaudio\",\"https:\/\/www.youtube.com\/cutoffproaudio\"]}]}<\/script>\n<!-- \/ Yoast SEO plugin. -->","_links":{"self":[{"href":"https:\/\/www.cutoff.es\/blog\/wp-json\/wp\/v2\/posts\/5588"}],"collection":[{"href":"https:\/\/www.cutoff.es\/blog\/wp-json\/wp\/v2\/posts"}],"about":[{"href":"https:\/\/www.cutoff.es\/blog\/wp-json\/wp\/v2\/types\/post"}],"author":[{"embeddable":true,"href":"https:\/\/www.cutoff.es\/blog\/wp-json\/wp\/v2\/users\/4"}],"replies":[{"embeddable":true,"href":"https:\/\/www.cutoff.es\/blog\/wp-json\/wp\/v2\/comments?post=5588"}],"version-history":[{"count":15,"href":"https:\/\/www.cutoff.es\/blog\/wp-json\/wp\/v2\/posts\/5588\/revisions"}],"predecessor-version":[{"id":12343,"href":"https:\/\/www.cutoff.es\/blog\/wp-json\/wp\/v2\/posts\/5588\/revisions\/12343"}],"wp:featuredmedia":[{"embeddable":true,"href":"https:\/\/www.cutoff.es\/blog\/wp-json\/wp\/v2\/media\/5589"}],"wp:attachment":[{"href":"https:\/\/www.cutoff.es\/blog\/wp-json\/wp\/v2\/media?parent=5588"}],"wp:term":[{"taxonomy":"category","embeddable":true,"href":"https:\/\/www.cutoff.es\/blog\/wp-json\/wp\/v2\/categories?post=5588"},{"taxonomy":"post_tag","embeddable":true,"href":"https:\/\/www.cutoff.es\/blog\/wp-json\/wp\/v2\/tags?post=5588"}],"curies":[{"name":"wp","href":"https:\/\/api.w.org\/{rel}","templated":true}]}}