{"id":5091,"date":"2019-03-06T17:56:24","date_gmt":"2019-03-06T16:56:24","guid":{"rendered":"https:\/\/www.cutoff.es\/blog\/?p=5091"},"modified":"2020-09-08T14:25:51","modified_gmt":"2020-09-08T12:25:51","slug":"visita-stand-mutek-barcelona","status":"publish","type":"post","link":"https:\/\/www.cutoff.es\/blog\/visita-stand-mutek-barcelona\/","title":{"rendered":"Visita nuestro stand en Mutek Barcelona"},"content":{"rendered":"<h2>Visita nuestro stand en Mutek Barcelona<\/h2>\n<p>Este a\u00f1o volvemos a colaborar con el festival Mutek Barcelona, que llega a su d\u00e9cima edici\u00f3n, y que arranca hoy mi\u00e9rcoles d\u00eda 6 de marzo, y que durar\u00e1 hasta el pr\u00f3ximo s\u00e1bado d\u00eda 9 de marzo de 2019.<\/p>\n<p>De las diversas propuestas y actividades que Mutek Barcelona ofrecer\u00e1 un a\u00f1o m\u00e1s en la ciudad condal, os podemos anunciar ya que, un a\u00f1o m\u00e1s podr\u00e9is visitarnos en nuestro stand en el festival, m\u00e1s concretamente el d\u00eda 9 de marzo en el recinto de l&#8217;Antiga F\u00e0brica Estrella Damm.<\/p>\n<p>Encu\u00e9ntranos en la sala \u00abB\u00e1sculas\u00bb, que se encuentra en la parte superior del recinto de l&#8217;Antiga F\u00e0brica Estrella Damm, junto enfrente de la incre\u00edble terraza.<\/p>\n<p>En nuestro stand podr\u00e1s encontrar las \u00faltimas novedades para DJ y producci\u00f3n musical, de marcas tan significativas como <a href=\"\/17_pioneer-dj\" target=\"_blank\">Pioneer DJ<\/a>, <a href=\"\/77_denon\" target=\"_blank\">Denon DJ<\/a>, <a href=\"\/54_native-instruments\" target=\"_blank\">Native Instruments<\/a>, <a href=\"\/16_allen-heath\" target=\"_blank\">Allen &amp; Heath<\/a>, <a href=\"\/155_elektron\" target=\"_blank\">Elektron<\/a>, <a href=\"\/297_softube\" target=\"_blank\">Softube<\/a>, <a href=\"\/92_moog\" target=\"_blank\">Moog<\/a>, <a href=\"\/254_teenage-engineering\" target=\"_blank\">Teenage Engineering<\/a>, <a href=\"\/81_akai\" target=\"_blank\">Akai<\/a>, <a href=\"\/285_erica-synths\" target=\"_blank\">Erica Synths<\/a>, y <a href=\"\/264_befaco\" target=\"_blank\">Befaco<\/a>.<\/p>\n<p><img loading=\"lazy\" class=\"aligncenter wp-image-5103 size-full\" title=\"mutek barcelona\" src=\"https:\/\/www.cutoff.es\/blog\/wp-content\/uploads\/2019\/03\/28954522_1852973384733535_8575475301628259542_o.jpg\" alt=\"Visita nuestro stand en Mutek Barcelona\" width=\"1080\" height=\"810\" srcset=\"https:\/\/www.cutoff.es\/blog\/wp-content\/uploads\/2019\/03\/28954522_1852973384733535_8575475301628259542_o.jpg 1080w, https:\/\/www.cutoff.es\/blog\/wp-content\/uploads\/2019\/03\/28954522_1852973384733535_8575475301628259542_o-300x225.jpg 300w, https:\/\/www.cutoff.es\/blog\/wp-content\/uploads\/2019\/03\/28954522_1852973384733535_8575475301628259542_o-768x576.jpg 768w, https:\/\/www.cutoff.es\/blog\/wp-content\/uploads\/2019\/03\/28954522_1852973384733535_8575475301628259542_o-1024x768.jpg 1024w, https:\/\/www.cutoff.es\/blog\/wp-content\/uploads\/2019\/03\/28954522_1852973384733535_8575475301628259542_o-798x599.jpg 798w\" sizes=\"(max-width: 1080px) 100vw, 1080px\" \/><\/p>\n<p>Ven y prueba de primera mano los mejores equipos de tecnolog\u00eda musical mientras disfrutas de las actuaciones del festival Mutek Barcelona.<\/p>\n<p><iframe style=\"border: 0;\" src=\"https:\/\/www.google.com\/maps\/embed?pb=!1m14!1m8!1m3!1d11969.515061020236!2d2.1778961!3d41.4092959!3m2!1i1024!2i768!4f13.1!3m3!1m2!1s0x0%3A0x8829398fad1e7801!2sAntigua+F%C3%A1brica+Estrella+Damm!5e0!3m2!1ses!2ses!4v1551893477649\" width=\"600\" height=\"450\" frameborder=\"0\" allowfullscreen=\"allowfullscreen\"><\/iframe><\/p>\n<p>Adem\u00e1s, colaboramos como partners tecnol\u00f3gicos en el ya cl\u00e1sico jam de Ableton, que se celebrar\u00e1 en el festival el s\u00e1bado 9 de marzo de 16 a 18:30h en el mismo recinto de l&#8217;Antiga F\u00e0brica Estrella Damm, y que organiza el Ableton User Group de Barcelona.<\/p>\n<p><img loading=\"lazy\" class=\"aligncenter wp-image-5102 size-full\" title=\"mutek barcelona\" src=\"https:\/\/www.cutoff.es\/blog\/wp-content\/uploads\/2019\/03\/29060129_1852973094733564_4515951952699545817_o.jpg\" alt=\"Visita nuestro stand en Mutek Barcelona\" width=\"1080\" height=\"810\" srcset=\"https:\/\/www.cutoff.es\/blog\/wp-content\/uploads\/2019\/03\/29060129_1852973094733564_4515951952699545817_o.jpg 1080w, https:\/\/www.cutoff.es\/blog\/wp-content\/uploads\/2019\/03\/29060129_1852973094733564_4515951952699545817_o-300x225.jpg 300w, https:\/\/www.cutoff.es\/blog\/wp-content\/uploads\/2019\/03\/29060129_1852973094733564_4515951952699545817_o-768x576.jpg 768w, https:\/\/www.cutoff.es\/blog\/wp-content\/uploads\/2019\/03\/29060129_1852973094733564_4515951952699545817_o-1024x768.jpg 1024w, https:\/\/www.cutoff.es\/blog\/wp-content\/uploads\/2019\/03\/29060129_1852973094733564_4515951952699545817_o-798x599.jpg 798w\" sizes=\"(max-width: 1080px) 100vw, 1080px\" \/><\/p>\n<p>La Jam session se basa en instrumentos electr\u00f3nicos y apps conectadas a trav\u00e9s de la tecnolog\u00eda Link de <a href=\"https:\/\/www.cutoff.es\/35_ableton\">Ableton<\/a>, en la que m\u00fasicos y artistas podr\u00e1n interactuar sin limitaciones.<\/p>\n<p><strong><span style=\"color: #ff0000;\">\u00a1Ultima actualizaci\u00f3n: las plazas para la jam de Ableton Link est\u00e1n completas!<\/span><\/strong><\/p>\n<p>As\u00ed que, si vienes al festival este s\u00e1bado no te olvides de visitar nuestro stand. Y si no ten\u00edas intenci\u00f3n \u00bfa qu\u00e9 esperas? \u00a1Nos vemos este s\u00e1bado 9 en Mutek Barcelona!<\/p>\n<p>&nbsp;<\/p>\n<div id=\"gtx-trans\" style=\"position: absolute; left: 129px; top: 2228.5px;\"><\/div>\n","protected":false},"excerpt":{"rendered":"<p>Visita nuestro stand en Mutek Barcelona Este a\u00f1o volvemos a colaborar con el festival Mutek Barcelona, que llega a su d\u00e9cima edici\u00f3n, y que arranca hoy mi\u00e9rcoles d\u00eda 6 de marzo, y que durar\u00e1 hasta el pr\u00f3ximo s\u00e1bado d\u00eda 9 de marzo de 2019. De las diversas propuestas y actividades que Mutek Barcelona ofrecer\u00e1 un&hellip;&nbsp;<a href=\"https:\/\/www.cutoff.es\/blog\/visita-stand-mutek-barcelona\/\" class=\"\" rel=\"bookmark\">Leer m&#225;s &raquo;<span class=\"screen-reader-text\">Visita nuestro stand en Mutek Barcelona<\/span><\/a><\/p>\n","protected":false},"author":4,"featured_media":5096,"comment_status":"open","ping_status":"closed","sticky":false,"template":"","format":"standard","meta":{"neve_meta_sidebar":"","neve_meta_container":"","neve_meta_enable_content_width":"","neve_meta_content_width":0,"neve_meta_title_alignment":"","neve_meta_author_avatar":"","neve_post_elements_order":"","neve_meta_disable_header":"","neve_meta_disable_footer":"","neve_meta_disable_title":""},"categories":[125],"tags":[532,856],"yoast_head":"<!-- This site is optimized with the Yoast SEO plugin v15.1.1 - https:\/\/yoast.com\/wordpress\/plugins\/seo\/ -->\n<title>Visita nuestro stand en Mutek Barcelona | Cutoff Blog<\/title>\n<meta name=\"description\" content=\"Este s\u00e1bado 9 de Marzo visita nuestro stand en el festival Mutek Barcelona en l&#039;Antiga Fabrica Estrella Damm con las mejores marcas de tecnolog\u00eda musical.\" \/>\n<meta name=\"robots\" content=\"index, follow, max-snippet:-1, max-image-preview:large, max-video-preview:-1\" \/>\n<link rel=\"canonical\" href=\"https:\/\/www.cutoff.es\/blog\/visita-stand-mutek-barcelona\/\" \/>\n<meta property=\"og:locale\" content=\"es_ES\" \/>\n<meta property=\"og:type\" content=\"article\" \/>\n<meta property=\"og:title\" content=\"Visita nuestro stand en Mutek Barcelona | Cutoff Blog\" \/>\n<meta property=\"og:description\" content=\"Este s\u00e1bado 9 de Marzo visita nuestro stand en el festival Mutek Barcelona en l&#039;Antiga Fabrica Estrella Damm con las mejores marcas de tecnolog\u00eda musical.\" \/>\n<meta property=\"og:url\" content=\"https:\/\/www.cutoff.es\/blog\/visita-stand-mutek-barcelona\/\" \/>\n<meta property=\"og:site_name\" content=\"Cutoff Blog\" \/>\n<meta property=\"article:publisher\" content=\"https:\/\/es-es.facebook.com\/cutoffproaudio\" \/>\n<meta property=\"article:author\" content=\"https:\/\/www.facebook.com\/cutoffproaudio\" \/>\n<meta property=\"article:published_time\" content=\"2019-03-06T16:56:24+00:00\" \/>\n<meta property=\"article:modified_time\" content=\"2020-09-08T12:25:51+00:00\" \/>\n<meta property=\"og:image\" content=\"https:\/\/www.cutoff.es\/blog\/wp-content\/uploads\/2019\/03\/Visita-nuestro-stand-en-Mutek-Barcelona.jpg\" \/>\n\t<meta property=\"og:image:width\" content=\"798\" \/>\n\t<meta property=\"og:image:height\" content=\"385\" \/>\n<script type=\"application\/ld+json\" class=\"yoast-schema-graph\">{\"@context\":\"https:\/\/schema.org\",\"@graph\":[{\"@type\":\"WebSite\",\"@id\":\"https:\/\/www.cutoff.es\/blog\/#website\",\"url\":\"https:\/\/www.cutoff.es\/blog\/\",\"name\":\"Cutoff Blog\",\"description\":\"Blog de Cutoff, novedades sobre equipamiento DJ, inform\\u00e1ci\\u00f3n sobre eventos y artistas del panorama de la m\\u00fasica electr\\u00f3nica\",\"potentialAction\":[{\"@type\":\"SearchAction\",\"target\":\"https:\/\/www.cutoff.es\/blog\/?s={search_term_string}\",\"query-input\":\"required name=search_term_string\"}],\"inLanguage\":\"es\"},{\"@type\":\"ImageObject\",\"@id\":\"https:\/\/www.cutoff.es\/blog\/visita-stand-mutek-barcelona\/#primaryimage\",\"inLanguage\":\"es\",\"url\":\"https:\/\/www.cutoff.es\/blog\/wp-content\/uploads\/2019\/03\/Visita-nuestro-stand-en-Mutek-Barcelona.jpg\",\"width\":798,\"height\":385},{\"@type\":\"WebPage\",\"@id\":\"https:\/\/www.cutoff.es\/blog\/visita-stand-mutek-barcelona\/#webpage\",\"url\":\"https:\/\/www.cutoff.es\/blog\/visita-stand-mutek-barcelona\/\",\"name\":\"Visita nuestro stand en Mutek Barcelona | Cutoff Blog\",\"isPartOf\":{\"@id\":\"https:\/\/www.cutoff.es\/blog\/#website\"},\"primaryImageOfPage\":{\"@id\":\"https:\/\/www.cutoff.es\/blog\/visita-stand-mutek-barcelona\/#primaryimage\"},\"datePublished\":\"2019-03-06T16:56:24+00:00\",\"dateModified\":\"2020-09-08T12:25:51+00:00\",\"author\":{\"@id\":\"https:\/\/www.cutoff.es\/blog\/#\/schema\/person\/8ceb71095834bcd9d6df48f482722ce4\"},\"description\":\"Este s\\u00e1bado 9 de Marzo visita nuestro stand en el festival Mutek Barcelona en l'Antiga Fabrica Estrella Damm con las mejores marcas de tecnolog\\u00eda musical.\",\"inLanguage\":\"es\",\"potentialAction\":[{\"@type\":\"ReadAction\",\"target\":[\"https:\/\/www.cutoff.es\/blog\/visita-stand-mutek-barcelona\/\"]}]},{\"@type\":\"Person\",\"@id\":\"https:\/\/www.cutoff.es\/blog\/#\/schema\/person\/8ceb71095834bcd9d6df48f482722ce4\",\"name\":\"Cutoff\",\"image\":{\"@type\":\"ImageObject\",\"@id\":\"https:\/\/www.cutoff.es\/blog\/#personlogo\",\"inLanguage\":\"es\",\"url\":\"https:\/\/secure.gravatar.com\/avatar\/14840c74b35686d5739748d3a55855cd?s=96&d=mm&r=g\",\"caption\":\"Cutoff\"},\"description\":\"CUTOFF PRO AUDIO es una joven empresa que nace para dar un servicio personalizado a las necesidades del Productor Musical y\/o Deejay actual, ofreciendo asesoramiento profesional, soluciones a medida a precios competitivos, distingui\\u00e9ndonos por ofrecer un trato personalizado a nuestra clientela.\",\"sameAs\":[\"https:\/\/www.cutoff.es\",\"https:\/\/www.facebook.com\/cutoffproaudio\",\"https:\/\/www.instagram.com\/cutoffproaudio\",\"https:\/\/twitter.com\/cutoffproaudio\",\"https:\/\/www.youtube.com\/cutoffproaudio\"]}]}<\/script>\n<!-- \/ Yoast SEO plugin. -->","_links":{"self":[{"href":"https:\/\/www.cutoff.es\/blog\/wp-json\/wp\/v2\/posts\/5091"}],"collection":[{"href":"https:\/\/www.cutoff.es\/blog\/wp-json\/wp\/v2\/posts"}],"about":[{"href":"https:\/\/www.cutoff.es\/blog\/wp-json\/wp\/v2\/types\/post"}],"author":[{"embeddable":true,"href":"https:\/\/www.cutoff.es\/blog\/wp-json\/wp\/v2\/users\/4"}],"replies":[{"embeddable":true,"href":"https:\/\/www.cutoff.es\/blog\/wp-json\/wp\/v2\/comments?post=5091"}],"version-history":[{"count":19,"href":"https:\/\/www.cutoff.es\/blog\/wp-json\/wp\/v2\/posts\/5091\/revisions"}],"predecessor-version":[{"id":6819,"href":"https:\/\/www.cutoff.es\/blog\/wp-json\/wp\/v2\/posts\/5091\/revisions\/6819"}],"wp:featuredmedia":[{"embeddable":true,"href":"https:\/\/www.cutoff.es\/blog\/wp-json\/wp\/v2\/media\/5096"}],"wp:attachment":[{"href":"https:\/\/www.cutoff.es\/blog\/wp-json\/wp\/v2\/media?parent=5091"}],"wp:term":[{"taxonomy":"category","embeddable":true,"href":"https:\/\/www.cutoff.es\/blog\/wp-json\/wp\/v2\/categories?post=5091"},{"taxonomy":"post_tag","embeddable":true,"href":"https:\/\/www.cutoff.es\/blog\/wp-json\/wp\/v2\/tags?post=5091"}],"curies":[{"name":"wp","href":"https:\/\/api.w.org\/{rel}","templated":true}]}}