{"id":4644,"date":"2018-09-04T15:49:42","date_gmt":"2018-09-04T13:49:42","guid":{"rendered":"https:\/\/www.cutoff.es\/blog\/?p=4644"},"modified":"2025-09-22T10:11:01","modified_gmt":"2025-09-22T08:11:01","slug":"cutoff-modular-day-5","status":"publish","type":"post","link":"https:\/\/www.cutoff.es\/blog\/cutoff-modular-day-5\/","title":{"rendered":"Cutoff en Modular Day #5"},"content":{"rendered":"<h2>Cutoff en Modular Day #5<\/h2>\n<p>Si, al igual que nosotros, est\u00e1s comenzando a hiperventilar por estas fechas, es porque sabes que se acerca una nueva edici\u00f3n del Modular Day. Por cuarto a\u00f1o consecutivo, Cutoff estar\u00e1 presente en la feria de sintes, donde os mostraremos un buen surtido de m\u00f3dulos eurorack como el nuevo <a href=\"https:\/\/www.cutoff.es\/modulos\/8426-xaoc-devices-zadar.html\" target=\"_blank\" rel=\"noopener noreferrer\">Zadar<\/a> de <a href=\"https:\/\/www.cutoff.es\/282_xaoc-devices\" target=\"_blank\" rel=\"noopener noreferrer\">XAOC Devices<\/a>, las \u00faltimas novedades de <a href=\"https:\/\/www.cutoff.es\/285_erica-synths\" target=\"_blank\" rel=\"noopener noreferrer\">Erica Synths<\/a> como <a href=\"https:\/\/www.cutoff.es\/modulos\/8378-erica-synths-bass-drum.html\" target=\"_blank\" rel=\"noopener noreferrer\">Bass Drum<\/a> o <a href=\"https:\/\/www.cutoff.es\/modulos\/8214-erica-synths-graphic-vco.html\" target=\"_blank\" rel=\"noopener noreferrer\">Graphic VCO<\/a>, <a href=\"https:\/\/www.cutoff.es\/modulos\/8254-mutable-instruments-marbles.html\" target=\"_blank\" rel=\"noopener noreferrer\">Marbles<\/a>, <a href=\"https:\/\/www.cutoff.es\/modulos\/8154-mutable-instruments-plaits.html\" target=\"_blank\" rel=\"noopener noreferrer\">Stages<\/a>\u00a0y\u00a0<a href=\"https:\/\/www.cutoff.es\/modulos\/8154-mutable-instruments-plaits.html\" target=\"_blank\" rel=\"noopener noreferrer\">Plaits<\/a> de <a href=\"https:\/\/www.cutoff.es\/269_mutable-instruments\" target=\"_blank\" rel=\"noopener noreferrer\">Mutable Instruments<\/a>, <a href=\"https:\/\/www.cutoff.es\/276_noise-engineering\" target=\"_blank\" rel=\"noopener noreferrer\">Noise Engineering<\/a>\u00a0o, fiel a nuestra pol\u00edtica de mostrar novedades frescas en primicia, las nuevas incorporaciones a la serie <a href=\"https:\/\/www.roland.com\/global\/promos\/system-500\/\" target=\"_blank\" rel=\"noopener noreferrer\">System 500 <\/a>de Roland (todav\u00eda no disponibles en el mercado). Tambi\u00e9n tendremos por nuestro stand otros equipos como los nuevos <a href=\"https:\/\/www.cutoff.es\/sintetizadores\/8356-behringer-neutron.html\" target=\"_blank\" rel=\"noopener noreferrer\">Neutron<\/a> y <a href=\"https:\/\/www.cutoff.es\/sintetizadores\/7830-behringer-model-d.html\" target=\"_blank\" rel=\"noopener noreferrer\">Model D<\/a> de Behringer y mucho m\u00e1s.<\/p>\n<div class=\"nv-iframe-embed\"><iframe title=\"Roland SYSTEM-500 510:SYNTH Module Overview\" width=\"1200\" height=\"675\" src=\"https:\/\/www.youtube.com\/embed\/sQY7XXbhOX8?feature=oembed\" frameborder=\"0\" allow=\"accelerometer; autoplay; clipboard-write; encrypted-media; gyroscope; picture-in-picture\" allowfullscreen><\/iframe><\/div>\n<p>Modular Day, para nosotros, tambi\u00e9n representa la excusa ideal para encontrarnos con otros fabricantes (y sin embargo amigos) como <a href=\"https:\/\/www.cutoff.es\/264_befaco\" target=\"_blank\" rel=\"noopener noreferrer\">Befaco<\/a>, <a href=\"https:\/\/www.cutoff.es\/280_transient-modules\" target=\"_blank\" rel=\"noopener noreferrer\">Transient Modules<\/a>, <a href=\"https:\/\/www.cutoff.es\/292_winter-modular\" target=\"_blank\" rel=\"noopener noreferrer\">Winter Modular<\/a> o Verbos Electronics, por nombrar unos pocos.<\/p>\n<p>Y como la parte l\u00fadica es tan importante como la parte m\u00e1s t\u00e9cnica, este a\u00f1o en Modular Day vuelven a combinar talento local con artistas de fuera en una serie de actuaciones repartidas por varios espacios.<\/p>\n<p>Como aperitivo a lo que podremos disfrutar el s\u00e1bado, al igual que ya ocurri\u00f3 el a\u00f1o pasado, el viernes 7 tenemos una cita en <a href=\"http:\/\/laut.es\/\" target=\"_blank\" rel=\"noopener noreferrer\">Laut<\/a>, nuestro club favorito de la ciudad local,que contar\u00e1 con las actuaciones de <a href=\"https:\/\/soundcloud.com\/kindcrime-recordings\" target=\"_blank\" rel=\"noopener noreferrer\">Alessandro Nero<\/a>, Lithe y <a href=\"http:\/\/tonyverdi.com\/\" target=\"_blank\" rel=\"noopener noreferrer\">Tony Verdi<\/a>.<\/p>\n<p>El s\u00e1bado por la tarde, una vez finalizada la feria de sintes, podremos disfrutar de las actuaciones de Maria Teriaeva, <a href=\"https:\/\/soundcloud.com\/puntalaberinto\" target=\"_blank\" rel=\"noopener noreferrer\">Puntalaberinto<\/a> y, ojo que esto es muy fuerte, <a href=\"http:\/\/scannerdot.com\/\" target=\"_blank\" rel=\"noopener noreferrer\">Scanner<\/a>. Los m\u00e1s viejos del lugar todav\u00eda recordamos su legendaria actuaci\u00f3n en la segunda edici\u00f3n de Sonar, all\u00e1 por el a\u00f1o 1995.<\/p>\n<div class=\"nv-iframe-embed\"><iframe title=\"When all else fails...\" width=\"1200\" height=\"675\" src=\"https:\/\/www.youtube.com\/embed\/kuPnNev-V4g?feature=oembed\" frameborder=\"0\" allow=\"accelerometer; autoplay; clipboard-write; encrypted-media; gyroscope; picture-in-picture\" allowfullscreen><\/iframe><\/div>\n<p>Ya para finalizar la quinta edici\u00f3n de Modular Day, qu\u00e9 mejor manera de hacerlo que con una recta final de actuaciones en\u00a0la sala Vol (antigua Begood)\u00a0donde destacamos a nuestro querido Cenk AKA <a href=\"https:\/\/dataline.bandcamp.com\/\" target=\"_blank\" rel=\"noopener noreferrer\">Dataline<\/a>.<\/p>\n<p>P\u00e1sate este pr\u00f3ximo s\u00e1bado 8 por <a href=\"https:\/\/www.google.com\/maps?ll=41.408484,2.199717&amp;z=11&amp;t=m&amp;hl=es-ES&amp;gl=ES&amp;mapclient=embed&amp;cid=18197078799637225298\" target=\"_blank\" rel=\"noopener noreferrer\">Hangar<\/a> a probar todo lo que hemos preparado para esta edici\u00f3n de Modular Day o, simplemente, ven a saludarnos.<\/p>\n","protected":false},"excerpt":{"rendered":"<p>Cutoff en Modular Day #5 Si, al igual que nosotros, est\u00e1s comenzando a hiperventilar por estas fechas, es porque sabes que se acerca una nueva edici\u00f3n del Modular Day. Por cuarto a\u00f1o consecutivo, Cutoff estar\u00e1 presente en la feria de sintes, donde os mostraremos un buen surtido de m\u00f3dulos eurorack como el nuevo Zadar de&hellip;&nbsp;<a href=\"https:\/\/www.cutoff.es\/blog\/cutoff-modular-day-5\/\" class=\"\" rel=\"bookmark\">Leer m&#225;s &raquo;<span class=\"screen-reader-text\">Cutoff en Modular Day #5<\/span><\/a><\/p>\n","protected":false},"author":4,"featured_media":4648,"comment_status":"open","ping_status":"closed","sticky":false,"template":"","format":"standard","meta":{"neve_meta_sidebar":"","neve_meta_container":"","neve_meta_enable_content_width":"","neve_meta_content_width":0,"neve_meta_title_alignment":"","neve_meta_author_avatar":"","neve_post_elements_order":"","neve_meta_disable_header":"","neve_meta_disable_footer":"","neve_meta_disable_title":""},"categories":[84,18],"tags":[677,815,812,814,667,94,813],"yoast_head":"<!-- This site is optimized with the Yoast SEO plugin v15.1.1 - https:\/\/yoast.com\/wordpress\/plugins\/seo\/ -->\n<title>Cutoff en Modular Day #5 | Cutoff Blog<\/title>\n<meta name=\"description\" content=\"Por cuarto a\u00f1o consecutivo, volvemos a presentar las \u00faltimas novedades Eurorack en el Modular Day que tendr\u00e1 lugar este s\u00e1bado 8 de septiembre en Hangar.\" \/>\n<meta name=\"robots\" content=\"index, follow, max-snippet:-1, max-image-preview:large, max-video-preview:-1\" \/>\n<link rel=\"canonical\" href=\"https:\/\/www.cutoff.es\/blog\/cutoff-modular-day-5\/\" \/>\n<meta property=\"og:locale\" content=\"es_ES\" \/>\n<meta property=\"og:type\" content=\"article\" \/>\n<meta property=\"og:title\" content=\"Cutoff en Modular Day #5 | Cutoff Blog\" \/>\n<meta property=\"og:description\" content=\"Por cuarto a\u00f1o consecutivo, volvemos a presentar las \u00faltimas novedades Eurorack en el Modular Day que tendr\u00e1 lugar este s\u00e1bado 8 de septiembre en Hangar.\" \/>\n<meta property=\"og:url\" content=\"https:\/\/www.cutoff.es\/blog\/cutoff-modular-day-5\/\" \/>\n<meta property=\"og:site_name\" content=\"Cutoff Blog\" \/>\n<meta property=\"article:publisher\" content=\"https:\/\/es-es.facebook.com\/cutoffproaudio\" \/>\n<meta property=\"article:author\" content=\"https:\/\/www.facebook.com\/cutoffproaudio\" \/>\n<meta property=\"article:published_time\" content=\"2018-09-04T13:49:42+00:00\" \/>\n<meta property=\"article:modified_time\" content=\"2025-09-22T08:11:01+00:00\" \/>\n<meta property=\"og:image\" content=\"https:\/\/www.cutoff.es\/blog\/wp-content\/uploads\/2018\/09\/cutoff-modular-day-5.jpg\" \/>\n\t<meta property=\"og:image:width\" content=\"798\" \/>\n\t<meta property=\"og:image:height\" content=\"385\" \/>\n<script type=\"application\/ld+json\" class=\"yoast-schema-graph\">{\"@context\":\"https:\/\/schema.org\",\"@graph\":[{\"@type\":\"WebSite\",\"@id\":\"https:\/\/www.cutoff.es\/blog\/#website\",\"url\":\"https:\/\/www.cutoff.es\/blog\/\",\"name\":\"Cutoff Blog\",\"description\":\"Blog de Cutoff, novedades sobre equipamiento DJ, inform\\u00e1ci\\u00f3n sobre eventos y artistas del panorama de la m\\u00fasica electr\\u00f3nica\",\"potentialAction\":[{\"@type\":\"SearchAction\",\"target\":\"https:\/\/www.cutoff.es\/blog\/?s={search_term_string}\",\"query-input\":\"required name=search_term_string\"}],\"inLanguage\":\"es\"},{\"@type\":\"ImageObject\",\"@id\":\"https:\/\/www.cutoff.es\/blog\/cutoff-modular-day-5\/#primaryimage\",\"inLanguage\":\"es\",\"url\":\"https:\/\/www.cutoff.es\/blog\/wp-content\/uploads\/2018\/09\/cutoff-modular-day-5.jpg\",\"width\":798,\"height\":385},{\"@type\":\"WebPage\",\"@id\":\"https:\/\/www.cutoff.es\/blog\/cutoff-modular-day-5\/#webpage\",\"url\":\"https:\/\/www.cutoff.es\/blog\/cutoff-modular-day-5\/\",\"name\":\"Cutoff en Modular Day #5 | Cutoff Blog\",\"isPartOf\":{\"@id\":\"https:\/\/www.cutoff.es\/blog\/#website\"},\"primaryImageOfPage\":{\"@id\":\"https:\/\/www.cutoff.es\/blog\/cutoff-modular-day-5\/#primaryimage\"},\"datePublished\":\"2018-09-04T13:49:42+00:00\",\"dateModified\":\"2025-09-22T08:11:01+00:00\",\"author\":{\"@id\":\"https:\/\/www.cutoff.es\/blog\/#\/schema\/person\/8ceb71095834bcd9d6df48f482722ce4\"},\"description\":\"Por cuarto a\\u00f1o consecutivo, volvemos a presentar las \\u00faltimas novedades Eurorack en el Modular Day que tendr\\u00e1 lugar este s\\u00e1bado 8 de septiembre en Hangar.\",\"inLanguage\":\"es\",\"potentialAction\":[{\"@type\":\"ReadAction\",\"target\":[\"https:\/\/www.cutoff.es\/blog\/cutoff-modular-day-5\/\"]}]},{\"@type\":\"Person\",\"@id\":\"https:\/\/www.cutoff.es\/blog\/#\/schema\/person\/8ceb71095834bcd9d6df48f482722ce4\",\"name\":\"Cutoff\",\"image\":{\"@type\":\"ImageObject\",\"@id\":\"https:\/\/www.cutoff.es\/blog\/#personlogo\",\"inLanguage\":\"es\",\"url\":\"https:\/\/secure.gravatar.com\/avatar\/14840c74b35686d5739748d3a55855cd?s=96&d=mm&r=g\",\"caption\":\"Cutoff\"},\"description\":\"CUTOFF PRO AUDIO es una joven empresa que nace para dar un servicio personalizado a las necesidades del Productor Musical y\/o Deejay actual, ofreciendo asesoramiento profesional, soluciones a medida a precios competitivos, distingui\\u00e9ndonos por ofrecer un trato personalizado a nuestra clientela.\",\"sameAs\":[\"https:\/\/www.cutoff.es\",\"https:\/\/www.facebook.com\/cutoffproaudio\",\"https:\/\/www.instagram.com\/cutoffproaudio\",\"https:\/\/twitter.com\/cutoffproaudio\",\"https:\/\/www.youtube.com\/cutoffproaudio\"]}]}<\/script>\n<!-- \/ Yoast SEO plugin. -->","_links":{"self":[{"href":"https:\/\/www.cutoff.es\/blog\/wp-json\/wp\/v2\/posts\/4644"}],"collection":[{"href":"https:\/\/www.cutoff.es\/blog\/wp-json\/wp\/v2\/posts"}],"about":[{"href":"https:\/\/www.cutoff.es\/blog\/wp-json\/wp\/v2\/types\/post"}],"author":[{"embeddable":true,"href":"https:\/\/www.cutoff.es\/blog\/wp-json\/wp\/v2\/users\/4"}],"replies":[{"embeddable":true,"href":"https:\/\/www.cutoff.es\/blog\/wp-json\/wp\/v2\/comments?post=4644"}],"version-history":[{"count":8,"href":"https:\/\/www.cutoff.es\/blog\/wp-json\/wp\/v2\/posts\/4644\/revisions"}],"predecessor-version":[{"id":12505,"href":"https:\/\/www.cutoff.es\/blog\/wp-json\/wp\/v2\/posts\/4644\/revisions\/12505"}],"wp:featuredmedia":[{"embeddable":true,"href":"https:\/\/www.cutoff.es\/blog\/wp-json\/wp\/v2\/media\/4648"}],"wp:attachment":[{"href":"https:\/\/www.cutoff.es\/blog\/wp-json\/wp\/v2\/media?parent=4644"}],"wp:term":[{"taxonomy":"category","embeddable":true,"href":"https:\/\/www.cutoff.es\/blog\/wp-json\/wp\/v2\/categories?post=4644"},{"taxonomy":"post_tag","embeddable":true,"href":"https:\/\/www.cutoff.es\/blog\/wp-json\/wp\/v2\/tags?post=4644"}],"curies":[{"name":"wp","href":"https:\/\/api.w.org\/{rel}","templated":true}]}}