{"id":4485,"date":"2018-06-05T16:00:39","date_gmt":"2018-06-05T14:00:39","guid":{"rendered":"https:\/\/www.cutoff.es\/blog\/?p=4485"},"modified":"2020-09-22T18:11:12","modified_gmt":"2020-09-22T16:11:12","slug":"workshop-elektron-analog-mk2-descubrelas-fondo","status":"publish","type":"post","link":"https:\/\/www.cutoff.es\/blog\/workshop-elektron-analog-mk2-descubrelas-fondo\/","title":{"rendered":"Workshop: Elektron Analog MK2 | Desc\u00fabrelas a fondo"},"content":{"rendered":"<h2>Workshop: Elektron Analog MK2 &#8211; Desc\u00fabrelas a fondo<\/h2>\n<p>Por cuarto a\u00f1o consecutivo y en lo que ya podemos decir que es una tradici\u00f3n, coincidiendo con la semana del festival S\u00f3nar contaremos con <strong>Cenk Saylini<\/strong>, que impartir\u00e1 un workshop sobre las nuevas versiones Analog MK2, es decir, las aclamadas <a href=\"\/7843-analog-rytm-mkii.html\">Analog RYTM<\/a> y <a href=\"\/7842-elektron-analog-four-mkii.html\">Analog Four<\/a>.<\/p>\n<p>En su momento, <a href=\"\/7842-elektron-analog-four-mkii.html\">Analog Four<\/a> y <a href=\"\/7843-analog-rytm-mkii.html\">Analog RYTM<\/a> sentaron las bases para un nuevo paradigma sobre lo que tiene que hacer una caja de ritmos\/groovebox: Sonido anal\u00f3gico con un preciso control digital, un potente y flexible secuenciador y numerosas herramientas para crear un flujo creativo tanto en el estudio como en directo.<\/p>\n<p>Ahora, las nuevas versiones MK2 mejoran lo que parec\u00eda inmejorable con un nuevo dise\u00f1o, mejores displays OLED, mejores pads y encoders, numerosas caracter\u00edsticas nuevas como las salidas independientes en el caso de <a href=\"\/7842-elektron-analog-four-mkii.html\">Analog Four MK2<\/a> o mejoras a la hora de trabajar con muestras heredadas de <a href=\"\/7551-digitakt-.html\">Digitakt<\/a> en el caso de <a href=\"\/7843-analog-rytm-mkii.html\">Analog RYTM MK2<\/a>.<\/p>\n<div class=\"nv-iframe-embed\"><iframe title=\"Analog Rytm MKII \u2014 At a Glance\" width=\"1200\" height=\"675\" src=\"https:\/\/www.youtube.com\/embed\/2Wu1BJWk8-k?feature=oembed\" frameborder=\"0\" allow=\"accelerometer; autoplay; clipboard-write; encrypted-media; gyroscope; picture-in-picture\" allowfullscreen><\/iframe><\/div>\n<p><strong>Cenk Saylini<\/strong>, sin duda una de las personas que m\u00e1s a fondo conoce los equipos de Elektron, nos mostrar\u00e1 todas las nuevas caracter\u00edsticas y posibilidades creativas que ofrecen las nuevas versiones MK2 de la exitosa serie Analog.<\/p>\n<p>Para asistir a este workshop hay que reservar plaza a trav\u00e9s del siguiente formulario. La inscripci\u00f3n no asegura la plaza. Desde Cutoff nos pondremos en contacto contigo para confirm\u00e1rtela.<\/p>\n<p><iframe src=\"https:\/\/docs.google.com\/forms\/d\/e\/1FAIpQLSeTl-CiVvXYIwJn9Cp_IfCxhqHxDQV_k-fiEP6GGciWKWAAaw\/viewform?embedded=true\" width=\"700\" height=\"1650\" frameborder=\"0\" marginwidth=\"0\" marginheight=\"0\">Cargando&#8230;<\/iframe><\/p>\n<p><strong>Workshop:<\/strong>\u00a0Elektron Analog MK2 | Desc\u00fabrelas a fondo<br \/>\n<strong>Fecha:<\/strong>\u00a012\/06\/2018<br \/>\n<strong>Hora:<\/strong>\u00a018:00<br \/>\n<strong>Direcci\u00f3n:<\/strong>\u00a0C\/ Rocafort 240, Entresuelo 2, 08029 (Barcelona)<br \/>\n<strong>Tel\u00e9fono:\u00a0<\/strong>93 5323236<br \/>\n<strong>E-mail:<\/strong>\u00a0info@cutoff.es<br \/>\n<strong>C\u00f3mo llegar:<\/strong><\/p>\n<p><center><code><iframe src=\"https:\/\/www.google.es\/maps?f=q&amp;source=s_q&amp;hl=es&amp;geocode=&amp;q=Carrer+de+Rocafort,+240,+Barcelona&amp;aq=0&amp;oq=Rocafort,+240.+&amp;sll=41.39479,2.148768&amp;sspn=0.316272,0.670166&amp;ie=UTF8&amp;hq=&amp;hnear=Carrer+de+Rocafort,+240,+08029+Barcelona&amp;ll=41.385921,2.14469&amp;spn=0.009885,0.020943&amp;t=m&amp;z=15&amp;iwloc=&amp;output=embed\" width=\"730\" height=\"300\" frameborder=\"0\" marginwidth=\"0\" marginheight=\"0\" scrolling=\"no\"><\/iframe><\/code><\/center><\/p>\n","protected":false},"excerpt":{"rendered":"<p>Workshop: Elektron Analog MK2 &#8211; Desc\u00fabrelas a fondo Por cuarto a\u00f1o consecutivo y en lo que ya podemos decir que es una tradici\u00f3n, coincidiendo con la semana del festival S\u00f3nar contaremos con Cenk Saylini, que impartir\u00e1 un workshop sobre las nuevas versiones Analog MK2, es decir, las aclamadas Analog RYTM y Analog Four. En su&hellip;&nbsp;<a href=\"https:\/\/www.cutoff.es\/blog\/workshop-elektron-analog-mk2-descubrelas-fondo\/\" class=\"\" rel=\"bookmark\">Leer m&#225;s &raquo;<span class=\"screen-reader-text\">Workshop: Elektron Analog MK2 | Desc\u00fabrelas a fondo<\/span><\/a><\/p>\n","protected":false},"author":4,"featured_media":4489,"comment_status":"open","ping_status":"closed","sticky":false,"template":"","format":"standard","meta":{"neve_meta_sidebar":"","neve_meta_container":"","neve_meta_enable_content_width":"","neve_meta_content_width":0,"neve_meta_title_alignment":"","neve_meta_author_avatar":"","neve_post_elements_order":"","neve_meta_disable_header":"","neve_meta_disable_footer":"","neve_meta_disable_title":""},"categories":[40,2],"tags":[87,702,703,797,86,796,88],"yoast_head":"<!-- This site is optimized with the Yoast SEO plugin v15.1.1 - https:\/\/yoast.com\/wordpress\/plugins\/seo\/ -->\n<title>Workshop: Elektron Analog MK2 | Desc\u00fabrelas a fondo | Cutoff Blog<\/title>\n<meta name=\"description\" content=\"Por cuarto a\u00f1o consecutivo Cenk Saylini impartir\u00e1 un workshop donde mostrar\u00e1 todas las novedades y mejoras incoporadas en las nuevas Analog MK2 de Elektron.\" \/>\n<meta name=\"robots\" content=\"index, follow, max-snippet:-1, max-image-preview:large, max-video-preview:-1\" \/>\n<link rel=\"canonical\" href=\"https:\/\/www.cutoff.es\/blog\/workshop-elektron-analog-mk2-descubrelas-fondo\/\" \/>\n<meta property=\"og:locale\" content=\"es_ES\" \/>\n<meta property=\"og:type\" content=\"article\" \/>\n<meta property=\"og:title\" content=\"Workshop: Elektron Analog MK2 | Desc\u00fabrelas a fondo | Cutoff Blog\" \/>\n<meta property=\"og:description\" content=\"Por cuarto a\u00f1o consecutivo Cenk Saylini impartir\u00e1 un workshop donde mostrar\u00e1 todas las novedades y mejoras incoporadas en las nuevas Analog MK2 de Elektron.\" \/>\n<meta property=\"og:url\" content=\"https:\/\/www.cutoff.es\/blog\/workshop-elektron-analog-mk2-descubrelas-fondo\/\" \/>\n<meta property=\"og:site_name\" content=\"Cutoff Blog\" \/>\n<meta property=\"article:publisher\" content=\"https:\/\/es-es.facebook.com\/cutoffproaudio\" \/>\n<meta property=\"article:author\" content=\"https:\/\/www.facebook.com\/cutoffproaudio\" \/>\n<meta property=\"article:published_time\" content=\"2018-06-05T14:00:39+00:00\" \/>\n<meta property=\"article:modified_time\" content=\"2020-09-22T16:11:12+00:00\" \/>\n<meta property=\"og:image\" content=\"https:\/\/www.cutoff.es\/blog\/wp-content\/uploads\/2018\/06\/Workshop-Elektron_blog-798\u00d7385.jpeg\" \/>\n\t<meta property=\"og:image:width\" content=\"798\" \/>\n\t<meta property=\"og:image:height\" content=\"385\" \/>\n<script type=\"application\/ld+json\" class=\"yoast-schema-graph\">{\"@context\":\"https:\/\/schema.org\",\"@graph\":[{\"@type\":\"WebSite\",\"@id\":\"https:\/\/www.cutoff.es\/blog\/#website\",\"url\":\"https:\/\/www.cutoff.es\/blog\/\",\"name\":\"Cutoff Blog\",\"description\":\"Blog de Cutoff, novedades sobre equipamiento DJ, inform\\u00e1ci\\u00f3n sobre eventos y artistas del panorama de la m\\u00fasica electr\\u00f3nica\",\"potentialAction\":[{\"@type\":\"SearchAction\",\"target\":\"https:\/\/www.cutoff.es\/blog\/?s={search_term_string}\",\"query-input\":\"required name=search_term_string\"}],\"inLanguage\":\"es\"},{\"@type\":\"ImageObject\",\"@id\":\"https:\/\/www.cutoff.es\/blog\/workshop-elektron-analog-mk2-descubrelas-fondo\/#primaryimage\",\"inLanguage\":\"es\",\"url\":\"https:\/\/www.cutoff.es\/blog\/wp-content\/uploads\/2018\/06\/Workshop-Elektron_blog-798\\u00d7385.jpeg\",\"width\":798,\"height\":385},{\"@type\":\"WebPage\",\"@id\":\"https:\/\/www.cutoff.es\/blog\/workshop-elektron-analog-mk2-descubrelas-fondo\/#webpage\",\"url\":\"https:\/\/www.cutoff.es\/blog\/workshop-elektron-analog-mk2-descubrelas-fondo\/\",\"name\":\"Workshop: Elektron Analog MK2 | Desc\\u00fabrelas a fondo | Cutoff Blog\",\"isPartOf\":{\"@id\":\"https:\/\/www.cutoff.es\/blog\/#website\"},\"primaryImageOfPage\":{\"@id\":\"https:\/\/www.cutoff.es\/blog\/workshop-elektron-analog-mk2-descubrelas-fondo\/#primaryimage\"},\"datePublished\":\"2018-06-05T14:00:39+00:00\",\"dateModified\":\"2020-09-22T16:11:12+00:00\",\"author\":{\"@id\":\"https:\/\/www.cutoff.es\/blog\/#\/schema\/person\/8ceb71095834bcd9d6df48f482722ce4\"},\"description\":\"Por cuarto a\\u00f1o consecutivo Cenk Saylini impartir\\u00e1 un workshop donde mostrar\\u00e1 todas las novedades y mejoras incoporadas en las nuevas Analog MK2 de Elektron.\",\"inLanguage\":\"es\",\"potentialAction\":[{\"@type\":\"ReadAction\",\"target\":[\"https:\/\/www.cutoff.es\/blog\/workshop-elektron-analog-mk2-descubrelas-fondo\/\"]}]},{\"@type\":\"Person\",\"@id\":\"https:\/\/www.cutoff.es\/blog\/#\/schema\/person\/8ceb71095834bcd9d6df48f482722ce4\",\"name\":\"Cutoff\",\"image\":{\"@type\":\"ImageObject\",\"@id\":\"https:\/\/www.cutoff.es\/blog\/#personlogo\",\"inLanguage\":\"es\",\"url\":\"https:\/\/secure.gravatar.com\/avatar\/14840c74b35686d5739748d3a55855cd?s=96&d=mm&r=g\",\"caption\":\"Cutoff\"},\"description\":\"CUTOFF PRO AUDIO es una joven empresa que nace para dar un servicio personalizado a las necesidades del Productor Musical y\/o Deejay actual, ofreciendo asesoramiento profesional, soluciones a medida a precios competitivos, distingui\\u00e9ndonos por ofrecer un trato personalizado a nuestra clientela.\",\"sameAs\":[\"https:\/\/www.cutoff.es\",\"https:\/\/www.facebook.com\/cutoffproaudio\",\"https:\/\/www.instagram.com\/cutoffproaudio\",\"https:\/\/twitter.com\/cutoffproaudio\",\"https:\/\/www.youtube.com\/cutoffproaudio\"]}]}<\/script>\n<!-- \/ Yoast SEO plugin. -->","_links":{"self":[{"href":"https:\/\/www.cutoff.es\/blog\/wp-json\/wp\/v2\/posts\/4485"}],"collection":[{"href":"https:\/\/www.cutoff.es\/blog\/wp-json\/wp\/v2\/posts"}],"about":[{"href":"https:\/\/www.cutoff.es\/blog\/wp-json\/wp\/v2\/types\/post"}],"author":[{"embeddable":true,"href":"https:\/\/www.cutoff.es\/blog\/wp-json\/wp\/v2\/users\/4"}],"replies":[{"embeddable":true,"href":"https:\/\/www.cutoff.es\/blog\/wp-json\/wp\/v2\/comments?post=4485"}],"version-history":[{"count":13,"href":"https:\/\/www.cutoff.es\/blog\/wp-json\/wp\/v2\/posts\/4485\/revisions"}],"predecessor-version":[{"id":7037,"href":"https:\/\/www.cutoff.es\/blog\/wp-json\/wp\/v2\/posts\/4485\/revisions\/7037"}],"wp:featuredmedia":[{"embeddable":true,"href":"https:\/\/www.cutoff.es\/blog\/wp-json\/wp\/v2\/media\/4489"}],"wp:attachment":[{"href":"https:\/\/www.cutoff.es\/blog\/wp-json\/wp\/v2\/media?parent=4485"}],"wp:term":[{"taxonomy":"category","embeddable":true,"href":"https:\/\/www.cutoff.es\/blog\/wp-json\/wp\/v2\/categories?post=4485"},{"taxonomy":"post_tag","embeddable":true,"href":"https:\/\/www.cutoff.es\/blog\/wp-json\/wp\/v2\/tags?post=4485"}],"curies":[{"name":"wp","href":"https:\/\/api.w.org\/{rel}","templated":true}]}}