{"id":3723,"date":"2017-07-11T11:57:08","date_gmt":"2017-07-11T09:57:08","guid":{"rendered":"http:\/\/www.cutoff.es\/blog\/?p=3723"},"modified":"2025-07-29T10:17:45","modified_gmt":"2025-07-29T08:17:45","slug":"hex-en-razzmatazz-barcelona","status":"publish","type":"post","link":"https:\/\/www.cutoff.es\/blog\/hex-en-razzmatazz-barcelona\/","title":{"rendered":"HEX en Razzmatazz Barcelona"},"content":{"rendered":"<h2>HEX en Razzmatazz Barcelona<\/h2>\n<p>La historia de HEX es la historia de P\u00f8li y <a href=\"https:\/\/www.facebook.com\/LorenzoRaganziniHEX\/\" target=\"_blank\" rel=\"noopener noreferrer\">Lorenzo<\/a>, las cabezas pensantes detr\u00e1s de este proyecto que, tras tres a\u00f1os dando guerra y creciendo desde abajo en Barcelona, quedar\u00e1 consolidado como un cita obligatoria para todos los amantes del techno m\u00e1s oscuro, vanguardista y transgresor el pr\u00f3ximo 27 de Julio en Razzmatazz en una jornada maratoniana donde los amantes del riesgo, la experimentaci\u00f3n, el arte y, c\u00f3mo no, el techno, podr\u00e1n saciar su sed con una programaci\u00f3n de infarto que ocupar\u00e1 5 salas de la conocida sala barcelonesa con un sistema de sonido basado en <strong>Funktion One<\/strong> dise\u00f1ado para la ocasi\u00f3n.<\/p>\n<div class=\"nv-iframe-embed\"><iframe title=\"HEX at RZZ - 27072017 Razzmatazz (Barcelona)\" width=\"1200\" height=\"675\" src=\"https:\/\/www.youtube.com\/embed\/PE0gucwYsqg?feature=oembed\" frameborder=\"0\" allow=\"accelerometer; autoplay; clipboard-write; encrypted-media; gyroscope; picture-in-picture\" allowfullscreen><\/iframe><\/div>\n<p>Junto a nuestras colaboraci\u00f3n como partner tecnol\u00f3gico de HEX, hemos lanzado un sorteo en el que puedes conseguir una licencia de Ableton Live 9 Suite totalmente gratis. Visita la p\u00e1gina de Facebook de HEX para m\u00e1s informaci\u00f3n sobre c\u00f3mo participar.<\/p>\n<p>Nos gusta que haya gente que apueste por crear una escena de clubbing diferente, que arriesgue y que encima apueste por programar a gente de aqu\u00ed junto a grandes nombres de fuera. Por ese motivo, en cuanto nos plantearon la posibilidad de colaborar con nosotros no pudimos negarnos. Support you local scene. Siempre.<\/p>\n<p>Y ya que hablamos de escena local, repasemos alguno de los artistas nacionales que podremos disfrutar el pr\u00f3ximo 27 de Julio.<\/p>\n<p>Huma: Andr\u00e9s Satu\u00e9, la cabeza pensante tras este proyecto es el responsable de uno de los trabajos m\u00e1s interesantes publicados en este a\u00f1o: Las tres fases del movimiento. Tras presentarlo en distintos festivales como Versal o Sonar, podremos disfrutar de toda la intensidad y abrasi\u00f3n contenida en su trabajo.<\/p>\n<p>\u00d3scar Mulero: Hablar de Mulero es hacerlo sobre uno de los DJs m\u00e1s respetados tanto dentro como fuera de nuestras fronteras. Sin duda, una leyenda en activo con cada vez m\u00e1s repercusi\u00f3n internacional desde su propia plataforma Pole Group.<\/p>\n<p>Tensal: Tambi\u00e9n miembro de PoleGroup y 50% de Exium, H\u00e9ctor Sandoval nos muestra con este proyecto su cara m\u00e1s hipn\u00f3tica del techno.<\/p>\n<p><a href=\"https:\/\/www.facebook.com\/architecturalrecs\/\" target=\"_blank\" rel=\"noopener noreferrer\">Architectural<\/a>: Otro gran nombre de la escena nacional, Juan Rico que no tiene bastante con un \u00fanico alias para dar rienda a toda su creatividad. Mientras que como Reeko se centra en sonoridad m\u00e1s oscuras y duras, como Architectural explora la faceta\u00a0m\u00e1s \u201cluminosa\u201d del techno.<\/p>\n<p><a href=\"https:\/\/www.facebook.com\/ClipMuzic\/\" target=\"_blank\" rel=\"noopener noreferrer\">Clip<\/a>: Sin duda una de las propuestas en directo a la que m\u00e1s ganas tenemos de ir. No porque sus \u00faltimos trabajos, tanto en <a href=\"https:\/\/www.facebook.com\/AbstractPlacesAudio\/\" target=\"_blank\" rel=\"noopener noreferrer\">su propio sello<\/a> como en <a href=\"https:\/\/www.facebook.com\/sktvt\/\" target=\"_blank\" rel=\"noopener noreferrer\">Seeking the Velvet<\/a>, nos hayan dejado con la boca abierta. Sin duda sus directos, rodeado de modulares, cajas de ritmo y procesadores de efectos, son una experiencia que cualquier persona adicta al techno no deber\u00eda perderse.<\/p>\n<div class=\"nv-iframe-embed\"><iframe title=\"Clip - Gamma-Ray (Live) at Lapsus Festival\" width=\"1200\" height=\"675\" src=\"https:\/\/www.youtube.com\/embed\/dJe5ZgMrK8U?feature=oembed\" frameborder=\"0\" allow=\"accelerometer; autoplay; clipboard-write; encrypted-media; gyroscope; picture-in-picture\" allowfullscreen><\/iframe><\/div>\n<p>Javi Lago: La cabeza pensante tras el sello Sintetics y todo un veterano por estas lares tambi\u00e9n estar\u00e1 presente en el d\u00eda HEX en Razzmatazz. TECHNO en may\u00fasculas.<\/p>\n<p>Neiland: Otro agitador que desde hace cosa de un a\u00f1o est\u00e1 revolucionando la escena nocturna desde Astra Space Travel, una cita semanal al lado de Plaza Espa\u00f1a donde podemos disfrutar de sesiones y lives con el techno y el sentimiento de familia como cartas de presentaci\u00f3n.<\/p>\n<p>Puedes comprar tus entradas desde <a href=\"https:\/\/es.ra.co\/events\/972717\" target=\"_blank\" rel=\"noopener noreferrer\">aqu\u00ed<\/a>. \u00a1Corre! \u00a1Queda poco para hacer sold out!<\/p>\n","protected":false},"excerpt":{"rendered":"<p>HEX en Razzmatazz Barcelona La historia de HEX es la historia de P\u00f8li y Lorenzo, las cabezas pensantes detr\u00e1s de este proyecto que, tras tres a\u00f1os dando guerra y creciendo desde abajo en Barcelona, quedar\u00e1 consolidado como un cita obligatoria para todos los amantes del techno m\u00e1s oscuro, vanguardista y transgresor el pr\u00f3ximo 27 de&hellip;&nbsp;<a href=\"https:\/\/www.cutoff.es\/blog\/hex-en-razzmatazz-barcelona\/\" class=\"\" rel=\"bookmark\">Leer m&#225;s &raquo;<span class=\"screen-reader-text\">HEX en Razzmatazz Barcelona<\/span><\/a><\/p>\n","protected":false},"author":4,"featured_media":3726,"comment_status":"open","ping_status":"closed","sticky":false,"template":"","format":"standard","meta":{"neve_meta_sidebar":"","neve_meta_container":"","neve_meta_enable_content_width":"","neve_meta_content_width":0,"neve_meta_title_alignment":"","neve_meta_author_avatar":"","neve_post_elements_order":"","neve_meta_disable_header":"","neve_meta_disable_footer":"","neve_meta_disable_title":""},"categories":[125],"tags":[705,458,704,706,708,707],"yoast_head":"<!-- This site is optimized with the Yoast SEO plugin v15.1.1 - https:\/\/yoast.com\/wordpress\/plugins\/seo\/ -->\n<title>HEX en Razzmatazz Barcelona | Cutoff Blog<\/title>\n<meta name=\"description\" content=\"HEX es la historia de P\u00f8li y Lorenzo, las cabezas pensantes detr\u00e1s de este proyecto que el pr\u00f3ximo 27 de Julio visita Razzmatazz en una jornada maratoniana.\" \/>\n<meta name=\"robots\" content=\"index, follow, max-snippet:-1, max-image-preview:large, max-video-preview:-1\" \/>\n<link rel=\"canonical\" href=\"https:\/\/www.cutoff.es\/blog\/hex-en-razzmatazz-barcelona\/\" \/>\n<meta property=\"og:locale\" content=\"es_ES\" \/>\n<meta property=\"og:type\" content=\"article\" \/>\n<meta property=\"og:title\" content=\"HEX en Razzmatazz Barcelona | Cutoff Blog\" \/>\n<meta property=\"og:description\" content=\"HEX es la historia de P\u00f8li y Lorenzo, las cabezas pensantes detr\u00e1s de este proyecto que el pr\u00f3ximo 27 de Julio visita Razzmatazz en una jornada maratoniana.\" \/>\n<meta property=\"og:url\" content=\"https:\/\/www.cutoff.es\/blog\/hex-en-razzmatazz-barcelona\/\" \/>\n<meta property=\"og:site_name\" content=\"Cutoff Blog\" \/>\n<meta property=\"article:publisher\" content=\"https:\/\/es-es.facebook.com\/cutoffproaudio\" \/>\n<meta property=\"article:author\" content=\"https:\/\/www.facebook.com\/cutoffproaudio\" \/>\n<meta property=\"article:published_time\" content=\"2017-07-11T09:57:08+00:00\" \/>\n<meta property=\"article:modified_time\" content=\"2025-07-29T08:17:45+00:00\" \/>\n<meta property=\"og:image\" content=\"https:\/\/www.cutoff.es\/blog\/wp-content\/uploads\/2017\/07\/hex-is-the-new-black.jpg\" \/>\n\t<meta property=\"og:image:width\" content=\"798\" \/>\n\t<meta property=\"og:image:height\" content=\"385\" \/>\n<script type=\"application\/ld+json\" class=\"yoast-schema-graph\">{\"@context\":\"https:\/\/schema.org\",\"@graph\":[{\"@type\":\"WebSite\",\"@id\":\"https:\/\/www.cutoff.es\/blog\/#website\",\"url\":\"https:\/\/www.cutoff.es\/blog\/\",\"name\":\"Cutoff Blog\",\"description\":\"Blog de Cutoff, novedades sobre equipamiento DJ, inform\\u00e1ci\\u00f3n sobre eventos y artistas del panorama de la m\\u00fasica electr\\u00f3nica\",\"potentialAction\":[{\"@type\":\"SearchAction\",\"target\":\"https:\/\/www.cutoff.es\/blog\/?s={search_term_string}\",\"query-input\":\"required name=search_term_string\"}],\"inLanguage\":\"es\"},{\"@type\":\"ImageObject\",\"@id\":\"https:\/\/www.cutoff.es\/blog\/hex-en-razzmatazz-barcelona\/#primaryimage\",\"inLanguage\":\"es\",\"url\":\"https:\/\/www.cutoff.es\/blog\/wp-content\/uploads\/2017\/07\/hex-is-the-new-black.jpg\",\"width\":798,\"height\":385,\"caption\":\"HEX en Razzmatazz Barcelona\"},{\"@type\":\"WebPage\",\"@id\":\"https:\/\/www.cutoff.es\/blog\/hex-en-razzmatazz-barcelona\/#webpage\",\"url\":\"https:\/\/www.cutoff.es\/blog\/hex-en-razzmatazz-barcelona\/\",\"name\":\"HEX en Razzmatazz Barcelona | Cutoff Blog\",\"isPartOf\":{\"@id\":\"https:\/\/www.cutoff.es\/blog\/#website\"},\"primaryImageOfPage\":{\"@id\":\"https:\/\/www.cutoff.es\/blog\/hex-en-razzmatazz-barcelona\/#primaryimage\"},\"datePublished\":\"2017-07-11T09:57:08+00:00\",\"dateModified\":\"2025-07-29T08:17:45+00:00\",\"author\":{\"@id\":\"https:\/\/www.cutoff.es\/blog\/#\/schema\/person\/8ceb71095834bcd9d6df48f482722ce4\"},\"description\":\"HEX es la historia de P\\u00f8li y Lorenzo, las cabezas pensantes detr\\u00e1s de este proyecto que el pr\\u00f3ximo 27 de Julio visita Razzmatazz en una jornada maratoniana.\",\"inLanguage\":\"es\",\"potentialAction\":[{\"@type\":\"ReadAction\",\"target\":[\"https:\/\/www.cutoff.es\/blog\/hex-en-razzmatazz-barcelona\/\"]}]},{\"@type\":\"Person\",\"@id\":\"https:\/\/www.cutoff.es\/blog\/#\/schema\/person\/8ceb71095834bcd9d6df48f482722ce4\",\"name\":\"Cutoff\",\"image\":{\"@type\":\"ImageObject\",\"@id\":\"https:\/\/www.cutoff.es\/blog\/#personlogo\",\"inLanguage\":\"es\",\"url\":\"https:\/\/secure.gravatar.com\/avatar\/14840c74b35686d5739748d3a55855cd?s=96&d=mm&r=g\",\"caption\":\"Cutoff\"},\"description\":\"CUTOFF PRO AUDIO es una joven empresa que nace para dar un servicio personalizado a las necesidades del Productor Musical y\/o Deejay actual, ofreciendo asesoramiento profesional, soluciones a medida a precios competitivos, distingui\\u00e9ndonos por ofrecer un trato personalizado a nuestra clientela.\",\"sameAs\":[\"https:\/\/www.cutoff.es\",\"https:\/\/www.facebook.com\/cutoffproaudio\",\"https:\/\/www.instagram.com\/cutoffproaudio\",\"https:\/\/twitter.com\/cutoffproaudio\",\"https:\/\/www.youtube.com\/cutoffproaudio\"]}]}<\/script>\n<!-- \/ Yoast SEO plugin. -->","_links":{"self":[{"href":"https:\/\/www.cutoff.es\/blog\/wp-json\/wp\/v2\/posts\/3723"}],"collection":[{"href":"https:\/\/www.cutoff.es\/blog\/wp-json\/wp\/v2\/posts"}],"about":[{"href":"https:\/\/www.cutoff.es\/blog\/wp-json\/wp\/v2\/types\/post"}],"author":[{"embeddable":true,"href":"https:\/\/www.cutoff.es\/blog\/wp-json\/wp\/v2\/users\/4"}],"replies":[{"embeddable":true,"href":"https:\/\/www.cutoff.es\/blog\/wp-json\/wp\/v2\/comments?post=3723"}],"version-history":[{"count":10,"href":"https:\/\/www.cutoff.es\/blog\/wp-json\/wp\/v2\/posts\/3723\/revisions"}],"predecessor-version":[{"id":12325,"href":"https:\/\/www.cutoff.es\/blog\/wp-json\/wp\/v2\/posts\/3723\/revisions\/12325"}],"wp:featuredmedia":[{"embeddable":true,"href":"https:\/\/www.cutoff.es\/blog\/wp-json\/wp\/v2\/media\/3726"}],"wp:attachment":[{"href":"https:\/\/www.cutoff.es\/blog\/wp-json\/wp\/v2\/media?parent=3723"}],"wp:term":[{"taxonomy":"category","embeddable":true,"href":"https:\/\/www.cutoff.es\/blog\/wp-json\/wp\/v2\/categories?post=3723"},{"taxonomy":"post_tag","embeddable":true,"href":"https:\/\/www.cutoff.es\/blog\/wp-json\/wp\/v2\/tags?post=3723"}],"curies":[{"name":"wp","href":"https:\/\/api.w.org\/{rel}","templated":true}]}}