{"id":3292,"date":"2016-12-14T14:00:08","date_gmt":"2016-12-14T13:00:08","guid":{"rendered":"http:\/\/www.cutoff.es\/blog\/?p=3292"},"modified":"2020-09-22T17:20:42","modified_gmt":"2020-09-22T15:20:42","slug":"concurso-focal-alpha","status":"publish","type":"post","link":"https:\/\/www.cutoff.es\/blog\/concurso-focal-alpha\/","title":{"rendered":"Concurso Focal Alpha"},"content":{"rendered":"<h2>Concurso Focal Alpha<\/h2>\n<p>El fabricante <a href=\"\/179_focal\">Focal<\/a> y el portal de educaci\u00f3n musical Puremix.net se han unido para presentar un nuevo concurso. \u00bfEn qu\u00e9 consiste el concurso Focal Alpha?<\/p>\n<p>Para empezar, en el concurso Focal Alpha tendr\u00e9is la oportunidad de ganar:<\/p>\n<p>&#8211; 1 Viaje a New York para asistir a una sesi\u00f3n de grabaci\u00f3n con Fab Dupont.<br \/>\n&#8211; 4 Parejas de monitores <a href=\"\/2662-solo-6-be.html\">Solo6 Be.<br \/>\n<\/a>&#8211; 4 Auriculares Spirit Professional<\/p>\n<p>Pod\u00e9is participar hasta el 31 de Diciembre de 2016 y tan s\u00f3lo tendr\u00e9is que seguir los siguientes pasos:<\/p>\n<p>&#8211; Compartir en las redes sociales una foto original con cualquier modelo de monitor Focal Alpha comprado en 2016 o anterior.<\/p>\n<p>&#8211; Deber\u00e9is subirla al perfil de facebook, twitter o instagram de Focal con el hashtag del concurso #ProudOfMyAlphas<\/p>\n<p>&#8211; Focal: <a href=\"https:\/\/www.facebook.com\/focal.corporate\/\" target=\"_blank\">https:\/\/www.facebook.com\/focal.corporate\/<\/a><br \/>\n&#8211; Focal Pro: <a href=\"https:\/\/www.facebook.com\/focalprofessional\" target=\"_blank\">https:\/\/www.facebook.com\/focalprofessional<\/a><br \/>\n&#8211; Twitter: <a href=\"https:\/\/twitter.com\/FocalOfficial\" target=\"_blank\">https:\/\/twitter.com\/FocalOfficial<\/a><br \/>\n&#8211; Instagram: <a href=\"https:\/\/www.instagram.com\/focalofficial\/\" target=\"_blank\">https:\/\/www.instagram.com\/focalofficial\/<\/a><\/p>\n<p><img loading=\"lazy\" class=\"aligncenter size-full wp-image-3303\" src=\"http:\/\/www.cutoff.es\/blog\/wp-content\/uploads\/2016\/12\/concurso-focal-proud-of-my-alphas.jpg\" alt=\"Concurso Focal Alpha\" width=\"595\" height=\"841\" srcset=\"https:\/\/www.cutoff.es\/blog\/wp-content\/uploads\/2016\/12\/concurso-focal-proud-of-my-alphas.jpg 595w, https:\/\/www.cutoff.es\/blog\/wp-content\/uploads\/2016\/12\/concurso-focal-proud-of-my-alphas-212x300.jpg 212w\" sizes=\"(max-width: 595px) 100vw, 595px\" \/><\/p>\n<p>Un jurado de <a href=\"\/179_focal\">Focal<\/a> decidir\u00e1 la foto m\u00e1s original y creativa, y finalmente mediante un sorteo se determinar\u00e1 a los ganadores.<\/p>\n<p>Adem\u00e1s, como bien sabr\u00e9is -y si no lo sab\u00e9is os lo contamos a continuaci\u00f3n- la serie de <a href=\"\/buscar?tag=alphaseries\">monitores Alpha<\/a> de <a href=\"\/179_focal\">Focal<\/a> ha bajado de precio hasta final de a\u00f1o, as\u00ed que esta es una oportunidad \u00fanica para hacerte con unos grandes monitores a un precio irrepetible, y adem\u00e1s podr\u00e1s participar en el concurso.<\/p>\n<p>\u00a1Mucha suerte a tod@s!<\/p>\n","protected":false},"excerpt":{"rendered":"<p>Concurso Focal Alpha El fabricante Focal y el portal de educaci\u00f3n musical Puremix.net se han unido para presentar un nuevo concurso. \u00bfEn qu\u00e9 consiste el concurso Focal Alpha? Para empezar, en el concurso Focal Alpha tendr\u00e9is la oportunidad de ganar: &#8211; 1 Viaje a New York para asistir a una sesi\u00f3n de grabaci\u00f3n con Fab&hellip;&nbsp;<a href=\"https:\/\/www.cutoff.es\/blog\/concurso-focal-alpha\/\" class=\"\" rel=\"bookmark\">Leer m&#225;s &raquo;<span class=\"screen-reader-text\">Concurso Focal Alpha<\/span><\/a><\/p>\n","protected":false},"author":4,"featured_media":3293,"comment_status":"open","ping_status":"closed","sticky":false,"template":"","format":"standard","meta":{"neve_meta_sidebar":"","neve_meta_container":"","neve_meta_enable_content_width":"","neve_meta_content_width":0,"neve_meta_title_alignment":"","neve_meta_author_avatar":"","neve_post_elements_order":"","neve_meta_disable_header":"","neve_meta_disable_footer":"","neve_meta_disable_title":""},"categories":[85],"tags":[641,642,644,643],"yoast_head":"<!-- This site is optimized with the Yoast SEO plugin v15.1.1 - https:\/\/yoast.com\/wordpress\/plugins\/seo\/ -->\n<title>Concurso Focal Alpha | Cutoff Blog<\/title>\n<meta name=\"description\" content=\"Focal y el portal de educaci\u00f3n musical Puremix.net se han unido para presentar un concurso en el que podr\u00e1n participar los usuarios de monitores Alpha.\" \/>\n<meta name=\"robots\" content=\"index, follow, max-snippet:-1, max-image-preview:large, max-video-preview:-1\" \/>\n<link rel=\"canonical\" href=\"https:\/\/www.cutoff.es\/blog\/concurso-focal-alpha\/\" \/>\n<meta property=\"og:locale\" content=\"es_ES\" \/>\n<meta property=\"og:type\" content=\"article\" \/>\n<meta property=\"og:title\" content=\"Concurso Focal Alpha | Cutoff Blog\" \/>\n<meta property=\"og:description\" content=\"Focal y el portal de educaci\u00f3n musical Puremix.net se han unido para presentar un concurso en el que podr\u00e1n participar los usuarios de monitores Alpha.\" \/>\n<meta property=\"og:url\" content=\"https:\/\/www.cutoff.es\/blog\/concurso-focal-alpha\/\" \/>\n<meta property=\"og:site_name\" content=\"Cutoff Blog\" \/>\n<meta property=\"article:publisher\" content=\"https:\/\/es-es.facebook.com\/cutoffproaudio\" \/>\n<meta property=\"article:author\" content=\"https:\/\/www.facebook.com\/cutoffproaudio\" \/>\n<meta property=\"article:published_time\" content=\"2016-12-14T13:00:08+00:00\" \/>\n<meta property=\"article:modified_time\" content=\"2020-09-22T15:20:42+00:00\" \/>\n<meta property=\"og:image\" content=\"https:\/\/www.cutoff.es\/blog\/wp-content\/uploads\/2016\/12\/Concurso-Focal-Alpha.jpg\" \/>\n\t<meta property=\"og:image:width\" content=\"798\" \/>\n\t<meta property=\"og:image:height\" content=\"385\" \/>\n<script type=\"application\/ld+json\" class=\"yoast-schema-graph\">{\"@context\":\"https:\/\/schema.org\",\"@graph\":[{\"@type\":\"WebSite\",\"@id\":\"https:\/\/www.cutoff.es\/blog\/#website\",\"url\":\"https:\/\/www.cutoff.es\/blog\/\",\"name\":\"Cutoff Blog\",\"description\":\"Blog de Cutoff, novedades sobre equipamiento DJ, inform\\u00e1ci\\u00f3n sobre eventos y artistas del panorama de la m\\u00fasica electr\\u00f3nica\",\"potentialAction\":[{\"@type\":\"SearchAction\",\"target\":\"https:\/\/www.cutoff.es\/blog\/?s={search_term_string}\",\"query-input\":\"required name=search_term_string\"}],\"inLanguage\":\"es\"},{\"@type\":\"ImageObject\",\"@id\":\"https:\/\/www.cutoff.es\/blog\/concurso-focal-alpha\/#primaryimage\",\"inLanguage\":\"es\",\"url\":\"https:\/\/www.cutoff.es\/blog\/wp-content\/uploads\/2016\/12\/Concurso-Focal-Alpha.jpg\",\"width\":798,\"height\":385},{\"@type\":\"WebPage\",\"@id\":\"https:\/\/www.cutoff.es\/blog\/concurso-focal-alpha\/#webpage\",\"url\":\"https:\/\/www.cutoff.es\/blog\/concurso-focal-alpha\/\",\"name\":\"Concurso Focal Alpha | Cutoff Blog\",\"isPartOf\":{\"@id\":\"https:\/\/www.cutoff.es\/blog\/#website\"},\"primaryImageOfPage\":{\"@id\":\"https:\/\/www.cutoff.es\/blog\/concurso-focal-alpha\/#primaryimage\"},\"datePublished\":\"2016-12-14T13:00:08+00:00\",\"dateModified\":\"2020-09-22T15:20:42+00:00\",\"author\":{\"@id\":\"https:\/\/www.cutoff.es\/blog\/#\/schema\/person\/8ceb71095834bcd9d6df48f482722ce4\"},\"description\":\"Focal y el portal de educaci\\u00f3n musical Puremix.net se han unido para presentar un concurso en el que podr\\u00e1n participar los usuarios de monitores Alpha.\",\"inLanguage\":\"es\",\"potentialAction\":[{\"@type\":\"ReadAction\",\"target\":[\"https:\/\/www.cutoff.es\/blog\/concurso-focal-alpha\/\"]}]},{\"@type\":\"Person\",\"@id\":\"https:\/\/www.cutoff.es\/blog\/#\/schema\/person\/8ceb71095834bcd9d6df48f482722ce4\",\"name\":\"Cutoff\",\"image\":{\"@type\":\"ImageObject\",\"@id\":\"https:\/\/www.cutoff.es\/blog\/#personlogo\",\"inLanguage\":\"es\",\"url\":\"https:\/\/secure.gravatar.com\/avatar\/14840c74b35686d5739748d3a55855cd?s=96&d=mm&r=g\",\"caption\":\"Cutoff\"},\"description\":\"CUTOFF PRO AUDIO es una joven empresa que nace para dar un servicio personalizado a las necesidades del Productor Musical y\/o Deejay actual, ofreciendo asesoramiento profesional, soluciones a medida a precios competitivos, distingui\\u00e9ndonos por ofrecer un trato personalizado a nuestra clientela.\",\"sameAs\":[\"https:\/\/www.cutoff.es\",\"https:\/\/www.facebook.com\/cutoffproaudio\",\"https:\/\/www.instagram.com\/cutoffproaudio\",\"https:\/\/twitter.com\/cutoffproaudio\",\"https:\/\/www.youtube.com\/cutoffproaudio\"]}]}<\/script>\n<!-- \/ Yoast SEO plugin. -->","_links":{"self":[{"href":"https:\/\/www.cutoff.es\/blog\/wp-json\/wp\/v2\/posts\/3292"}],"collection":[{"href":"https:\/\/www.cutoff.es\/blog\/wp-json\/wp\/v2\/posts"}],"about":[{"href":"https:\/\/www.cutoff.es\/blog\/wp-json\/wp\/v2\/types\/post"}],"author":[{"embeddable":true,"href":"https:\/\/www.cutoff.es\/blog\/wp-json\/wp\/v2\/users\/4"}],"replies":[{"embeddable":true,"href":"https:\/\/www.cutoff.es\/blog\/wp-json\/wp\/v2\/comments?post=3292"}],"version-history":[{"count":14,"href":"https:\/\/www.cutoff.es\/blog\/wp-json\/wp\/v2\/posts\/3292\/revisions"}],"predecessor-version":[{"id":7020,"href":"https:\/\/www.cutoff.es\/blog\/wp-json\/wp\/v2\/posts\/3292\/revisions\/7020"}],"wp:featuredmedia":[{"embeddable":true,"href":"https:\/\/www.cutoff.es\/blog\/wp-json\/wp\/v2\/media\/3293"}],"wp:attachment":[{"href":"https:\/\/www.cutoff.es\/blog\/wp-json\/wp\/v2\/media?parent=3292"}],"wp:term":[{"taxonomy":"category","embeddable":true,"href":"https:\/\/www.cutoff.es\/blog\/wp-json\/wp\/v2\/categories?post=3292"},{"taxonomy":"post_tag","embeddable":true,"href":"https:\/\/www.cutoff.es\/blog\/wp-json\/wp\/v2\/tags?post=3292"}],"curies":[{"name":"wp","href":"https:\/\/api.w.org\/{rel}","templated":true}]}}