{"id":2998,"date":"2016-09-10T10:00:10","date_gmt":"2016-09-10T09:00:10","guid":{"rendered":"http:\/\/www.cutoff.es\/blog\/?p=2998"},"modified":"2020-09-22T17:03:13","modified_gmt":"2020-09-22T15:03:13","slug":"celebracion-dia-909-roland","status":"publish","type":"post","link":"https:\/\/www.cutoff.es\/blog\/celebracion-dia-909-roland\/","title":{"rendered":"Celebraci\u00f3n d\u00eda 909 de Roland"},"content":{"rendered":"<h2 style=\"text-align: center;\">Celebraci\u00f3n d\u00eda 909 de Roland<\/h2>\n<p>&nbsp;<\/p>\n<p>No os podemos negar que ansi\u00e1bamos que llegara este d\u00eda. Ten\u00edamos marcado el 9 de Septiembre en el calendario desde que hace algunos d\u00edas Roland lo anunciara a los 4 vientos aprovechando la fecha del 33 aniversario del lanzamiento de una de las m\u00e1quinas m\u00e1s importantes dentro del mundo de la m\u00fasica electr\u00f3nica, la querida caja de ritmos TR-909. Y s\u00ed, es muy bonito celebrar que ya llevamos 33 a\u00f1os de 909 pero no acaba aqu\u00ed la cosa ya que Roland ha hecho coincidir esta cita con la presentaci\u00f3n de la friolera de 30 nuevos productos, por lo que no pod\u00edamos pasar por alto esta not\u00edcia para acercaros todas estas novedades.<\/p>\n<p>Nos vamos a centrar en los productos que m\u00e1s nos han llamado la atenci\u00f3n y que m\u00e1s se acercan a nuestro p\u00fablico as\u00ed que esperamos que sean de vuestro agrado. \u00a1Empezamos!<\/p>\n<p>&nbsp;<\/p>\n<p><strong>Roland x Serato DJ 808<\/strong><\/p>\n<p>Una de las colaboraciones que m\u00e1s ha dado que hablar en las redes en los \u00faltimos d\u00edas. Se trata de Roland y Serato. Ambos fabricantes anunciaron que estaban colaborando para lanzar al mercado productos de DJ. \u00a1Qu\u00e9 cosas, Roland entrando de lleno el el mundo del DJ digital de la mano de Serato! Y lo hacen con el <a href=\"\/7353-dj-808.html\" target=\"_blank\">DJ-808<\/a>, un controlador para DJ de 4 canales con mezclador, secuenciador de bater\u00eda integrado, procesado de voces, y la mayor y m\u00e1s profunda integraci\u00f3n con Serato DJ seg\u00fan indican ambos fabricantes. Adem\u00e1s de las caracter\u00edsticas que podemos encontrar en un controlador del estilo tambi\u00e9n contamos con una caja de ritmos con secuenciador integrada y un transformador de voz VT con el que podremos modificar el tono de nuestra voz para ajustarla al tono de los temas que reproducimos a trav\u00e9s de Serato DJ.<\/p>\n<p><img loading=\"lazy\" class=\"aligncenter size-full wp-image-3012\" src=\"http:\/\/www.cutoff.es\/blog\/wp-content\/uploads\/2016\/09\/Roland-Serato-DJ-808.jpg\" alt=\"roland-serato-dj-808\" width=\"798\" height=\"385\" srcset=\"https:\/\/www.cutoff.es\/blog\/wp-content\/uploads\/2016\/09\/Roland-Serato-DJ-808.jpg 798w, https:\/\/www.cutoff.es\/blog\/wp-content\/uploads\/2016\/09\/Roland-Serato-DJ-808-300x145.jpg 300w, https:\/\/www.cutoff.es\/blog\/wp-content\/uploads\/2016\/09\/Roland-Serato-DJ-808-768x371.jpg 768w\" sizes=\"(max-width: 798px) 100vw, 798px\" \/><\/p>\n<p>&nbsp;<\/p>\n<p><strong>Nuevos Boutique<\/strong><\/p>\n<p>Tras el \u00e9xito de los primeros tres modelos que recreaban con todo detalle tanto los controles como el sonido de m\u00e1quinas tan ic\u00f3nicas como el Jupiter 8, el JX3P y el Juno 6 Roland ha decidido seguir reivindicando su legado con nuevas recreaciones en este formato compacto y con una tirada limitada de unidades.<\/p>\n<p>Comencemos con TR-09, una nueva recreaci\u00f3n de la veterana TR 909 que busca justamente eso: imitar la caja de ritmos original. Si bien con TR-8 Roland busc\u00f3 emular el sonido de cajas de ritmo como la TR 909, la TR 808 o la TR606 pero actualizando su manejo con mejoras en la secuenciaci\u00f3n y a\u00f1adiendo nuevas caracter\u00edsticas como los efectos \u201csecuenciables\u201d y capacidades de grabaci\u00f3n multipista a DAW mediante USB, con TR-09 obtendremos una emulaci\u00f3n tanto de los controles como del manejo lo m\u00e1s fidedigna. Por supuesto que, al igual que con anteriores modelos <a href=\"\/buscar?tag=boutique\" target=\"_blank\">Boutique<\/a>, disponemos de conexi\u00f3n USB para grabar en nuestro ordenador.<\/p>\n<p><img loading=\"lazy\" class=\"aligncenter size-full wp-image-3014\" src=\"http:\/\/www.cutoff.es\/blog\/wp-content\/uploads\/2016\/09\/Roland-TR-09.jpg\" alt=\"roland-tr-09\" width=\"798\" height=\"385\" srcset=\"https:\/\/www.cutoff.es\/blog\/wp-content\/uploads\/2016\/09\/Roland-TR-09.jpg 798w, https:\/\/www.cutoff.es\/blog\/wp-content\/uploads\/2016\/09\/Roland-TR-09-300x145.jpg 300w, https:\/\/www.cutoff.es\/blog\/wp-content\/uploads\/2016\/09\/Roland-TR-09-768x371.jpg 768w\" sizes=\"(max-width: 798px) 100vw, 798px\" \/><\/p>\n<p>Sigamos con <a href=\"\/7357-tb-03.html\" target=\"_blank\">TB-03<\/a> que, como no pod\u00eda ser de otra manera, se centra en recrear los rugidos de la m\u00edtica caja plateada que cambi\u00f3 la escena electr\u00f3nica. Puesto que el modelo original era ya de por s\u00ed bastante compacto, en el proceso de \u201cjibarizaci\u00f3n\u201d hacia boutique no sufriremos tanto la reducci\u00f3n de los controles. En comparaci\u00f3n con la <a href=\"\/5971-roland-aira-tb-3.html\" target=\"_blank\">TB-3<\/a>, no disponemos de todos los bancos de oscilador que esta \u00faltima ofrece, pero ganamos en controles. Concretamente tenemos potenci\u00f3metros dedicados a la cantidad de envolvente y el decay de la envolvente, tarea que en la TB-3 se ten\u00eda que realizar mediante el trackpad. Si miramos el secuenciador, sin duda TB-3 es mucho m\u00e1s sencilla, intuitiva y flexible en comparaci\u00f3n con <a href=\"\/7357-tb-03.html\" target=\"_blank\">TB-03<\/a>. Nos ha gustado ver que dispone de un control dedicado para a\u00f1adir overdrive y llevar nuestro gorgoritos \u00e1cidos m\u00e1s all\u00e1, la inclusi\u00f3n de un delay con controles dedicados y disponer de salidas CV para pitch y gate, de manera que podremos secuenciar nuestros sintes anal\u00f3gicos. Esto es especialmente divertido si podemos sacar por CV el cl\u00e1sico slide entre notas con valor constante, algo que es casi tan importante como el propio sonido en si de la m\u00e1quina y que, junto al comportamiento de los acentos, sent\u00f3 las bases de una m\u00e1quina todav\u00eda legendaria.<\/p>\n<p><img loading=\"lazy\" class=\"aligncenter size-full wp-image-3015\" src=\"http:\/\/www.cutoff.es\/blog\/wp-content\/uploads\/2016\/09\/Roland-TB-03.jpg\" alt=\"roland-tb-03\" width=\"798\" height=\"385\" srcset=\"https:\/\/www.cutoff.es\/blog\/wp-content\/uploads\/2016\/09\/Roland-TB-03.jpg 798w, https:\/\/www.cutoff.es\/blog\/wp-content\/uploads\/2016\/09\/Roland-TB-03-300x145.jpg 300w, https:\/\/www.cutoff.es\/blog\/wp-content\/uploads\/2016\/09\/Roland-TB-03-768x371.jpg 768w\" sizes=\"(max-width: 798px) 100vw, 798px\" \/><\/p>\n<p>Finalizando ya la nueva gama Boutique nos queda el <a href=\"\/7358-vp-03.html\" target=\"_blank\">VP-03<\/a>, una recreaci\u00f3n del su cl\u00e1sica m\u00e1quina de vocoder VP-330 de finales de los 70. Al igual que el modelo original, <a href=\"\/7358-vp-03.html\" target=\"_blank\">VP-03<\/a> es mucho m\u00e1s que un vocoder ya que emula tambi\u00e9n la m\u00e1quina de cuerdas que incorporaba el modelo original con sonidos ya cl\u00e1sicos de coro y las distintas \u201cemulaciones\u201d de la voz humana.<\/p>\n<p><img loading=\"lazy\" class=\"aligncenter size-full wp-image-3017\" src=\"http:\/\/www.cutoff.es\/blog\/wp-content\/uploads\/2016\/09\/Roland-Vocoder-VP-03.jpg\" alt=\"roland-vocoder-vp-03\" width=\"798\" height=\"385\" srcset=\"https:\/\/www.cutoff.es\/blog\/wp-content\/uploads\/2016\/09\/Roland-Vocoder-VP-03.jpg 798w, https:\/\/www.cutoff.es\/blog\/wp-content\/uploads\/2016\/09\/Roland-Vocoder-VP-03-300x145.jpg 300w, https:\/\/www.cutoff.es\/blog\/wp-content\/uploads\/2016\/09\/Roland-Vocoder-VP-03-768x371.jpg 768w\" sizes=\"(max-width: 798px) 100vw, 798px\" \/><\/p>\n<p>Turno para pasar de \u201clo peque\u00f1o\u201d a \u201clo grande\u201d. Ahora toca hablar del nuevo <a href=\"\/7359-system-8.html\" target=\"_blank\">System 8<\/a> que Roland a a\u00f1adido a la exitosa serie Aira. Al igual que el <a href=\"\/5970-roland-aira-system-1.html\" target=\"_blank\">System-1<\/a> y el <a href=\"\/6547-roland-aira-system-1m.html\" target=\"_blank\">System 1m<\/a> originales, incluye la nueva tecnolog\u00eda ACB (Analog Circuit Behaviour) que tan buenos resultados les ha dado a la hora de emular sintes como los SH101 o el ProMars. Hasta aqu\u00ed lo que ya sabemos. Ahora, turno para lo nuevo:\u00a0 Teclado de 5 octavas con teclas grandes, control para tres osciladores, nuevas opciones de modulaci\u00f3n y modos espl\u00edn para poder tocar dos sonidos a la vez. Qu\u00e9 mejor manera de aprovechar todas estas posibilidades con dos nuevos sintes Plug-out. Es turno para dar la bienvenida a los nuevos Jupiter-8 y Juno-106.<\/p>\n<p><img loading=\"lazy\" class=\"aligncenter size-full wp-image-3018\" src=\"http:\/\/www.cutoff.es\/blog\/wp-content\/uploads\/2016\/09\/Roland-System-8.jpg\" alt=\"roland-system-8\" width=\"798\" height=\"385\" srcset=\"https:\/\/www.cutoff.es\/blog\/wp-content\/uploads\/2016\/09\/Roland-System-8.jpg 798w, https:\/\/www.cutoff.es\/blog\/wp-content\/uploads\/2016\/09\/Roland-System-8-300x145.jpg 300w, https:\/\/www.cutoff.es\/blog\/wp-content\/uploads\/2016\/09\/Roland-System-8-768x371.jpg 768w\" sizes=\"(max-width: 798px) 100vw, 798px\" \/><\/p>\n<p>Tambi\u00e9n se han presentado dos productos de la nueva gama para DJ de Roland, el mezclador DJ 99 y el giradiscos TT-99, ambos productos de edici\u00f3n limitada con est\u00e9tica de la cl\u00e1sica caja de ritmos TR-909.<\/p>\n<p><img loading=\"lazy\" class=\"aligncenter size-full wp-image-3029\" src=\"http:\/\/www.cutoff.es\/blog\/wp-content\/uploads\/2016\/09\/Roland-DJ-99-TT-99.jpg\" alt=\"roland-dj-99-tt-99\" width=\"798\" height=\"385\" srcset=\"https:\/\/www.cutoff.es\/blog\/wp-content\/uploads\/2016\/09\/Roland-DJ-99-TT-99.jpg 798w, https:\/\/www.cutoff.es\/blog\/wp-content\/uploads\/2016\/09\/Roland-DJ-99-TT-99-300x145.jpg 300w, https:\/\/www.cutoff.es\/blog\/wp-content\/uploads\/2016\/09\/Roland-DJ-99-TT-99-768x371.jpg 768w\" sizes=\"(max-width: 798px) 100vw, 798px\" \/><\/p>\n<p>Y por ahora esto es todo. Esperamos que os haya gustado el art\u00edculo. Si os gusta \u00a1compartidlo! \u00a1Pronto anunciaremos m\u00e1s novedades!<\/p>\n<p>Si quieres m\u00e1s informaci\u00f3n no dudes en ponerte en contacto con nosotros a trav\u00e9s de nuestras habituales v\u00edas de comuniaci\u00f3n.<\/p>\n","protected":false},"excerpt":{"rendered":"<p>Celebraci\u00f3n d\u00eda 909 de Roland &nbsp; No os podemos negar que ansi\u00e1bamos que llegara este d\u00eda. Ten\u00edamos marcado el 9 de Septiembre en el calendario desde que hace algunos d\u00edas Roland lo anunciara a los 4 vientos aprovechando la fecha del 33 aniversario del lanzamiento de una de las m\u00e1quinas m\u00e1s importantes dentro del mundo&hellip;&nbsp;<a href=\"https:\/\/www.cutoff.es\/blog\/celebracion-dia-909-roland\/\" class=\"\" rel=\"bookmark\">Leer m&#225;s &raquo;<span class=\"screen-reader-text\">Celebraci\u00f3n d\u00eda 909 de Roland<\/span><\/a><\/p>\n","protected":false},"author":4,"featured_media":3008,"comment_status":"open","ping_status":"closed","sticky":false,"template":"","format":"standard","meta":{"neve_meta_sidebar":"","neve_meta_container":"","neve_meta_enable_content_width":"","neve_meta_content_width":0,"neve_meta_title_alignment":"","neve_meta_author_avatar":"","neve_post_elements_order":"","neve_meta_disable_header":"","neve_meta_disable_footer":"","neve_meta_disable_title":""},"categories":[18,2],"tags":[613,609,610,615,617,616,612,611,614],"yoast_head":"<!-- This site is optimized with the Yoast SEO plugin v15.1.1 - https:\/\/yoast.com\/wordpress\/plugins\/seo\/ -->\n<title>Celebraci\u00f3n d\u00eda 909 de Roland | Cutoff Blog<\/title>\n<meta name=\"description\" content=\"Roland celebra el 909 day con 30 nuevos productos, por lo que no pod\u00edamos pasar por alto esta not\u00edcia para acercaros todas estas novedades.\" \/>\n<meta name=\"robots\" content=\"index, follow, max-snippet:-1, max-image-preview:large, max-video-preview:-1\" \/>\n<link rel=\"canonical\" href=\"https:\/\/www.cutoff.es\/blog\/celebracion-dia-909-roland\/\" \/>\n<meta property=\"og:locale\" content=\"es_ES\" \/>\n<meta property=\"og:type\" content=\"article\" \/>\n<meta property=\"og:title\" content=\"Celebraci\u00f3n d\u00eda 909 de Roland | Cutoff Blog\" \/>\n<meta property=\"og:description\" content=\"Roland celebra el 909 day con 30 nuevos productos, por lo que no pod\u00edamos pasar por alto esta not\u00edcia para acercaros todas estas novedades.\" \/>\n<meta property=\"og:url\" content=\"https:\/\/www.cutoff.es\/blog\/celebracion-dia-909-roland\/\" \/>\n<meta property=\"og:site_name\" content=\"Cutoff Blog\" \/>\n<meta property=\"article:publisher\" content=\"https:\/\/es-es.facebook.com\/cutoffproaudio\" \/>\n<meta property=\"article:author\" content=\"https:\/\/www.facebook.com\/cutoffproaudio\" \/>\n<meta property=\"article:published_time\" content=\"2016-09-10T09:00:10+00:00\" \/>\n<meta property=\"article:modified_time\" content=\"2020-09-22T15:03:13+00:00\" \/>\n<meta property=\"og:image\" content=\"https:\/\/www.cutoff.es\/blog\/wp-content\/uploads\/2016\/09\/Celebracion-dia-909-de-Roland.jpg\" \/>\n\t<meta property=\"og:image:width\" content=\"798\" \/>\n\t<meta property=\"og:image:height\" content=\"385\" \/>\n<script type=\"application\/ld+json\" class=\"yoast-schema-graph\">{\"@context\":\"https:\/\/schema.org\",\"@graph\":[{\"@type\":\"WebSite\",\"@id\":\"https:\/\/www.cutoff.es\/blog\/#website\",\"url\":\"https:\/\/www.cutoff.es\/blog\/\",\"name\":\"Cutoff Blog\",\"description\":\"Blog de Cutoff, novedades sobre equipamiento DJ, inform\\u00e1ci\\u00f3n sobre eventos y artistas del panorama de la m\\u00fasica electr\\u00f3nica\",\"potentialAction\":[{\"@type\":\"SearchAction\",\"target\":\"https:\/\/www.cutoff.es\/blog\/?s={search_term_string}\",\"query-input\":\"required name=search_term_string\"}],\"inLanguage\":\"es\"},{\"@type\":\"ImageObject\",\"@id\":\"https:\/\/www.cutoff.es\/blog\/celebracion-dia-909-roland\/#primaryimage\",\"inLanguage\":\"es\",\"url\":\"https:\/\/www.cutoff.es\/blog\/wp-content\/uploads\/2016\/09\/Celebracion-dia-909-de-Roland.jpg\",\"width\":798,\"height\":385},{\"@type\":\"WebPage\",\"@id\":\"https:\/\/www.cutoff.es\/blog\/celebracion-dia-909-roland\/#webpage\",\"url\":\"https:\/\/www.cutoff.es\/blog\/celebracion-dia-909-roland\/\",\"name\":\"Celebraci\\u00f3n d\\u00eda 909 de Roland | Cutoff Blog\",\"isPartOf\":{\"@id\":\"https:\/\/www.cutoff.es\/blog\/#website\"},\"primaryImageOfPage\":{\"@id\":\"https:\/\/www.cutoff.es\/blog\/celebracion-dia-909-roland\/#primaryimage\"},\"datePublished\":\"2016-09-10T09:00:10+00:00\",\"dateModified\":\"2020-09-22T15:03:13+00:00\",\"author\":{\"@id\":\"https:\/\/www.cutoff.es\/blog\/#\/schema\/person\/8ceb71095834bcd9d6df48f482722ce4\"},\"description\":\"Roland celebra el 909 day con 30 nuevos productos, por lo que no pod\\u00edamos pasar por alto esta not\\u00edcia para acercaros todas estas novedades.\",\"inLanguage\":\"es\",\"potentialAction\":[{\"@type\":\"ReadAction\",\"target\":[\"https:\/\/www.cutoff.es\/blog\/celebracion-dia-909-roland\/\"]}]},{\"@type\":\"Person\",\"@id\":\"https:\/\/www.cutoff.es\/blog\/#\/schema\/person\/8ceb71095834bcd9d6df48f482722ce4\",\"name\":\"Cutoff\",\"image\":{\"@type\":\"ImageObject\",\"@id\":\"https:\/\/www.cutoff.es\/blog\/#personlogo\",\"inLanguage\":\"es\",\"url\":\"https:\/\/secure.gravatar.com\/avatar\/14840c74b35686d5739748d3a55855cd?s=96&d=mm&r=g\",\"caption\":\"Cutoff\"},\"description\":\"CUTOFF PRO AUDIO es una joven empresa que nace para dar un servicio personalizado a las necesidades del Productor Musical y\/o Deejay actual, ofreciendo asesoramiento profesional, soluciones a medida a precios competitivos, distingui\\u00e9ndonos por ofrecer un trato personalizado a nuestra clientela.\",\"sameAs\":[\"https:\/\/www.cutoff.es\",\"https:\/\/www.facebook.com\/cutoffproaudio\",\"https:\/\/www.instagram.com\/cutoffproaudio\",\"https:\/\/twitter.com\/cutoffproaudio\",\"https:\/\/www.youtube.com\/cutoffproaudio\"]}]}<\/script>\n<!-- \/ Yoast SEO plugin. -->","_links":{"self":[{"href":"https:\/\/www.cutoff.es\/blog\/wp-json\/wp\/v2\/posts\/2998"}],"collection":[{"href":"https:\/\/www.cutoff.es\/blog\/wp-json\/wp\/v2\/posts"}],"about":[{"href":"https:\/\/www.cutoff.es\/blog\/wp-json\/wp\/v2\/types\/post"}],"author":[{"embeddable":true,"href":"https:\/\/www.cutoff.es\/blog\/wp-json\/wp\/v2\/users\/4"}],"replies":[{"embeddable":true,"href":"https:\/\/www.cutoff.es\/blog\/wp-json\/wp\/v2\/comments?post=2998"}],"version-history":[{"count":30,"href":"https:\/\/www.cutoff.es\/blog\/wp-json\/wp\/v2\/posts\/2998\/revisions"}],"predecessor-version":[{"id":7012,"href":"https:\/\/www.cutoff.es\/blog\/wp-json\/wp\/v2\/posts\/2998\/revisions\/7012"}],"wp:featuredmedia":[{"embeddable":true,"href":"https:\/\/www.cutoff.es\/blog\/wp-json\/wp\/v2\/media\/3008"}],"wp:attachment":[{"href":"https:\/\/www.cutoff.es\/blog\/wp-json\/wp\/v2\/media?parent=2998"}],"wp:term":[{"taxonomy":"category","embeddable":true,"href":"https:\/\/www.cutoff.es\/blog\/wp-json\/wp\/v2\/categories?post=2998"},{"taxonomy":"post_tag","embeddable":true,"href":"https:\/\/www.cutoff.es\/blog\/wp-json\/wp\/v2\/tags?post=2998"}],"curies":[{"name":"wp","href":"https:\/\/api.w.org\/{rel}","templated":true}]}}