{"id":2641,"date":"2016-04-25T10:59:50","date_gmt":"2016-04-25T09:59:50","guid":{"rendered":"http:\/\/www.cutoff.es\/blog\/?p=2641"},"modified":"2025-07-29T09:04:31","modified_gmt":"2025-07-29T07:04:31","slug":"visual-phonic-se-va-al-guggenheim","status":"publish","type":"post","link":"https:\/\/www.cutoff.es\/blog\/visual-phonic-se-va-al-guggenheim\/","title":{"rendered":"Visual Phonic se va al Guggenheim"},"content":{"rendered":"<h2 style=\"text-align: center;\">El ciclo de pel\u00edculas mudas con banda sonora interpretada por DJs ahora tambi\u00e9n en el museo Guggenheim<\/h2>\n<p>Hace un par de meses os comentamos el inicio de Visual Phonic , un nuevo ciclo de pel\u00edculas mudas en la que los mejores DJs locales se encargaban de aportar la banda sonora en directo.<\/p>\n<p>Desde Cutoff nos encant\u00f3 la idea y por ese motivo decidimos apostar por esta iniciativa, colaborando con la cesi\u00f3n de equipos (\u00bfa que quedan bien los <a href=\"http:\/\/www.cutoff.es\/monactivos\/6963-monkey-banana-pareja-turbo-5-red.html\" target=\"_blank\" rel=\"noopener noreferrer\">Turbo 5 de Monkey Banana<\/a> en la cabina del DJ?<\/p>\n<p>De momento las dos sesiones que han tenido lugar en la <strong>Filmoteca de Barcelona<\/strong> han sido un \u00e9xito rotundo en cuanto a p\u00fablico y resultados. Tanto <strong>DJ Kosmos<\/strong> como <strong>DJ Zero<\/strong> supieron aportar el clima y la narrativa apropiados.<\/p>\n<p>Mientras que la programaci\u00f3n en Barcelona sigue su curso con m\u00e1s fechas, Visual Phonic abre un ciclo de cine franc\u00e9s en el mism\u00edsimo museo <strong>Guggenheim en Bilbao<\/strong> donde se podr\u00e1 disfrutar de Un Chien Andalou (7 de Mayo), L\u2019Inhumanie (21 de Mayo), Paris Qui Dort y <strong>Entr\u2019acte<\/strong> (4 de Junio). Los DJs encargados de a\u00f1adir la banda sonora ser\u00e1n <strong>Javier Verdes<\/strong>, <strong>Esteban Lahoz<\/strong> y <strong>Guille de Juan<\/strong>.<\/p>\n<p>Puedes encontrar m\u00e1s informaci\u00f3n <a href=\"http:\/\/www.guggenheim-bilbao.es\/actividades\/ciclo-de-cine-clasico-frances-y-djs-en-directo\/\" target=\"_blank\" rel=\"noopener noreferrer\">aqu\u00ed<\/a>.<\/p>\n","protected":false},"excerpt":{"rendered":"<p>El ciclo de pel\u00edculas mudas con banda sonora interpretada por DJs ahora tambi\u00e9n en el museo Guggenheim Hace un par de meses os comentamos el inicio de Visual Phonic , un nuevo ciclo de pel\u00edculas mudas en la que los mejores DJs locales se encargaban de aportar la banda sonora en directo. Desde Cutoff nos&hellip;&nbsp;<a href=\"https:\/\/www.cutoff.es\/blog\/visual-phonic-se-va-al-guggenheim\/\" class=\"\" rel=\"bookmark\">Leer m&#225;s &raquo;<span class=\"screen-reader-text\">Visual Phonic se va al Guggenheim<\/span><\/a><\/p>\n","protected":false},"author":4,"featured_media":2642,"comment_status":"open","ping_status":"closed","sticky":false,"template":"","format":"standard","meta":{"neve_meta_sidebar":"","neve_meta_container":"","neve_meta_enable_content_width":"","neve_meta_content_width":0,"neve_meta_title_alignment":"","neve_meta_author_avatar":"","neve_post_elements_order":"","neve_meta_disable_header":"","neve_meta_disable_footer":"","neve_meta_disable_title":""},"categories":[125,18],"tags":[104,558,559,103,530,560],"yoast_head":"<!-- This site is optimized with the Yoast SEO plugin v15.1.1 - https:\/\/yoast.com\/wordpress\/plugins\/seo\/ -->\n<title>Visual Phonic se va al Guggenheim | Cutoff Blog<\/title>\n<meta name=\"description\" content=\"Visual Phonic, el ciclo de pel\u00edculas mudas con banda sonora a cargo de DJs presenta ciclo de cine franc\u00e9s en el museo Guggenheim de Bilbao.\" \/>\n<meta name=\"robots\" content=\"index, follow, max-snippet:-1, max-image-preview:large, max-video-preview:-1\" \/>\n<link rel=\"canonical\" href=\"https:\/\/www.cutoff.es\/blog\/visual-phonic-se-va-al-guggenheim\/\" \/>\n<meta property=\"og:locale\" content=\"es_ES\" \/>\n<meta property=\"og:type\" content=\"article\" \/>\n<meta property=\"og:title\" content=\"Visual Phonic se va al Guggenheim | Cutoff Blog\" \/>\n<meta property=\"og:description\" content=\"Visual Phonic, el ciclo de pel\u00edculas mudas con banda sonora a cargo de DJs presenta ciclo de cine franc\u00e9s en el museo Guggenheim de Bilbao.\" \/>\n<meta property=\"og:url\" content=\"https:\/\/www.cutoff.es\/blog\/visual-phonic-se-va-al-guggenheim\/\" \/>\n<meta property=\"og:site_name\" content=\"Cutoff Blog\" \/>\n<meta property=\"article:publisher\" content=\"https:\/\/es-es.facebook.com\/cutoffproaudio\" \/>\n<meta property=\"article:author\" content=\"https:\/\/www.facebook.com\/cutoffproaudio\" \/>\n<meta property=\"article:published_time\" content=\"2016-04-25T09:59:50+00:00\" \/>\n<meta property=\"article:modified_time\" content=\"2025-07-29T07:04:31+00:00\" \/>\n<meta property=\"og:image\" content=\"https:\/\/www.cutoff.es\/blog\/wp-content\/uploads\/2016\/04\/visual-phonic-se-va-al-guggenheim.jpg\" \/>\n\t<meta property=\"og:image:width\" content=\"619\" \/>\n\t<meta property=\"og:image:height\" content=\"300\" \/>\n<script type=\"application\/ld+json\" class=\"yoast-schema-graph\">{\"@context\":\"https:\/\/schema.org\",\"@graph\":[{\"@type\":\"WebSite\",\"@id\":\"https:\/\/www.cutoff.es\/blog\/#website\",\"url\":\"https:\/\/www.cutoff.es\/blog\/\",\"name\":\"Cutoff Blog\",\"description\":\"Blog de Cutoff, novedades sobre equipamiento DJ, inform\\u00e1ci\\u00f3n sobre eventos y artistas del panorama de la m\\u00fasica electr\\u00f3nica\",\"potentialAction\":[{\"@type\":\"SearchAction\",\"target\":\"https:\/\/www.cutoff.es\/blog\/?s={search_term_string}\",\"query-input\":\"required name=search_term_string\"}],\"inLanguage\":\"es\"},{\"@type\":\"ImageObject\",\"@id\":\"https:\/\/www.cutoff.es\/blog\/visual-phonic-se-va-al-guggenheim\/#primaryimage\",\"inLanguage\":\"es\",\"url\":\"https:\/\/www.cutoff.es\/blog\/wp-content\/uploads\/2016\/04\/visual-phonic-se-va-al-guggenheim.jpg\",\"width\":619,\"height\":300},{\"@type\":\"WebPage\",\"@id\":\"https:\/\/www.cutoff.es\/blog\/visual-phonic-se-va-al-guggenheim\/#webpage\",\"url\":\"https:\/\/www.cutoff.es\/blog\/visual-phonic-se-va-al-guggenheim\/\",\"name\":\"Visual Phonic se va al Guggenheim | Cutoff Blog\",\"isPartOf\":{\"@id\":\"https:\/\/www.cutoff.es\/blog\/#website\"},\"primaryImageOfPage\":{\"@id\":\"https:\/\/www.cutoff.es\/blog\/visual-phonic-se-va-al-guggenheim\/#primaryimage\"},\"datePublished\":\"2016-04-25T09:59:50+00:00\",\"dateModified\":\"2025-07-29T07:04:31+00:00\",\"author\":{\"@id\":\"https:\/\/www.cutoff.es\/blog\/#\/schema\/person\/8ceb71095834bcd9d6df48f482722ce4\"},\"description\":\"Visual Phonic, el ciclo de pel\\u00edculas mudas con banda sonora a cargo de DJs presenta ciclo de cine franc\\u00e9s en el museo Guggenheim de Bilbao.\",\"inLanguage\":\"es\",\"potentialAction\":[{\"@type\":\"ReadAction\",\"target\":[\"https:\/\/www.cutoff.es\/blog\/visual-phonic-se-va-al-guggenheim\/\"]}]},{\"@type\":\"Person\",\"@id\":\"https:\/\/www.cutoff.es\/blog\/#\/schema\/person\/8ceb71095834bcd9d6df48f482722ce4\",\"name\":\"Cutoff\",\"image\":{\"@type\":\"ImageObject\",\"@id\":\"https:\/\/www.cutoff.es\/blog\/#personlogo\",\"inLanguage\":\"es\",\"url\":\"https:\/\/secure.gravatar.com\/avatar\/14840c74b35686d5739748d3a55855cd?s=96&d=mm&r=g\",\"caption\":\"Cutoff\"},\"description\":\"CUTOFF PRO AUDIO es una joven empresa que nace para dar un servicio personalizado a las necesidades del Productor Musical y\/o Deejay actual, ofreciendo asesoramiento profesional, soluciones a medida a precios competitivos, distingui\\u00e9ndonos por ofrecer un trato personalizado a nuestra clientela.\",\"sameAs\":[\"https:\/\/www.cutoff.es\",\"https:\/\/www.facebook.com\/cutoffproaudio\",\"https:\/\/www.instagram.com\/cutoffproaudio\",\"https:\/\/twitter.com\/cutoffproaudio\",\"https:\/\/www.youtube.com\/cutoffproaudio\"]}]}<\/script>\n<!-- \/ Yoast SEO plugin. -->","_links":{"self":[{"href":"https:\/\/www.cutoff.es\/blog\/wp-json\/wp\/v2\/posts\/2641"}],"collection":[{"href":"https:\/\/www.cutoff.es\/blog\/wp-json\/wp\/v2\/posts"}],"about":[{"href":"https:\/\/www.cutoff.es\/blog\/wp-json\/wp\/v2\/types\/post"}],"author":[{"embeddable":true,"href":"https:\/\/www.cutoff.es\/blog\/wp-json\/wp\/v2\/users\/4"}],"replies":[{"embeddable":true,"href":"https:\/\/www.cutoff.es\/blog\/wp-json\/wp\/v2\/comments?post=2641"}],"version-history":[{"count":6,"href":"https:\/\/www.cutoff.es\/blog\/wp-json\/wp\/v2\/posts\/2641\/revisions"}],"predecessor-version":[{"id":12311,"href":"https:\/\/www.cutoff.es\/blog\/wp-json\/wp\/v2\/posts\/2641\/revisions\/12311"}],"wp:featuredmedia":[{"embeddable":true,"href":"https:\/\/www.cutoff.es\/blog\/wp-json\/wp\/v2\/media\/2642"}],"wp:attachment":[{"href":"https:\/\/www.cutoff.es\/blog\/wp-json\/wp\/v2\/media?parent=2641"}],"wp:term":[{"taxonomy":"category","embeddable":true,"href":"https:\/\/www.cutoff.es\/blog\/wp-json\/wp\/v2\/categories?post=2641"},{"taxonomy":"post_tag","embeddable":true,"href":"https:\/\/www.cutoff.es\/blog\/wp-json\/wp\/v2\/tags?post=2641"}],"curies":[{"name":"wp","href":"https:\/\/api.w.org\/{rel}","templated":true}]}}