{"id":2354,"date":"2015-12-30T20:05:24","date_gmt":"2015-12-30T19:05:24","guid":{"rendered":"http:\/\/www.cutoff.es\/blog\/?p=2354"},"modified":"2025-11-10T12:05:41","modified_gmt":"2025-11-10T11:05:41","slug":"cutoff-en-tupper2","status":"publish","type":"post","link":"https:\/\/www.cutoff.es\/blog\/cutoff-en-tupper2\/","title":{"rendered":"Cutoff en Tupper#2"},"content":{"rendered":"<p>\u00bfOs acord\u00e1is de la primera edici\u00f3n de Tupper? Hay ganas de m\u00e1s \u00bfeh? El 16 de Enero tendr\u00e1 lugar la segunda edici\u00f3n de esta jornada sobre m\u00fasica electr\u00f3nica en el Convent de Sant Agust\u00ed, en Barcelona. Al igual que la primera edici\u00f3n, se tratar\u00e1 de un evento gratuito, aunque si no quieres quedarte sin plaza para los workshops no estar\u00eda de m\u00e1s que fueses <a href=\"https:\/\/docs.google.com\/forms\/d\/1yWRCE_dB3z42n2NLIzQk39D5oxFUidcekmq82AoRJ6s\/viewform?c=0&amp;w=1\" target=\"_blank\" rel=\"noopener noreferrer\">reservando tu plaza<\/a>. Habr\u00e1n workshops relacionados con <a href=\"http:\/\/www.cutoff.es\/secuenciadores\/4995-live-9-standard.html\" target=\"_blank\" rel=\"noopener noreferrer\">Ableton Live<\/a>\u00a0\u00a0como el dedicado a la nueva tecnolog\u00eda <a href=\"http:\/\/www.bitbeat.es\/blog\/ableton-anuncia-link\/\" target=\"_blank\" rel=\"noopener noreferrer\">Link<\/a> que ir\u00e1 acompa\u00f1ado de una peque\u00f1a improvisaci\u00f3n entre los asistentes o los que van m\u00e1s encarados a la integraci\u00f3n de <a href=\"http:\/\/www.cutoff.es\/secuenciadores\/4995-live-9-standard.html\" target=\"_blank\" rel=\"noopener noreferrer\">Live<\/a>\u00a0\u00a0y <a href=\"\/6877-ableton-push-2.html\">Push 2 <\/a>en DJ sets como el que tienen preparado <strong>Nuria Ghia<\/strong> junto a nuestros amigos de Academy 303. Tambi\u00e9n habr\u00e1 espacio para hablar de la industria musical, como por ejemplo en el workshop que ha planeado la escuela Eumes.<\/p>\n<p>\u00bfY que podemos esperar de la edici\u00f3n de este a\u00f1o? Pues un poco de todo y mucho m\u00e1s. \u00bfActuaciones? Pues ah\u00ed estar\u00e1n grandes nombres de la electr\u00f3nica de aqu\u00ed como Mans O (\u00bftodav\u00eda no hab\u00e9is visto su DJ Set en la <a href=\"https:\/\/www.youtube.com\/watch?v=qRan-MLELt0\" target=\"_blank\" rel=\"noopener noreferrer\">Boiler Room<\/a>?) o <a href=\"http:\/\/www.cutoff.es\/blog\/entrevista-fernando-lagreca\/\" target=\"_blank\" rel=\"noopener noreferrer\">Fernando Lagreca<\/a>, cuyo \u00faltimo trabajo, Control, cosech\u00f3 no pocos elogios por parte de prensa y p\u00fablico. \u00bfDJ Sets? Podremos disfrutar de las sesiones de h\u00e9roes locales como <strong>DJ Lui,<\/strong> <strong>Buenanoche<\/strong> o representantes de sellos como <strong>Discontinu<\/strong>, <strong>Lovethechaos<\/strong> o <strong>Galleta Records<\/strong>. \u00bfHemos dicho sellos? Tambi\u00e9n tienen cabida en el mercadillo de sellos. Y ah\u00ed, dentro de la feria discogr\u00e1fica de sellos y mercado es donde tendremos un stand de Cutoff.<\/p>\n<p>\u00bfQu\u00e9 podr\u00e1s encontrar en nuestro stand? Est\u00e1 claro que no vamos a poder llevarnos toda la tienda, as\u00ed que tendremos en exposici\u00f3n de los productos que m\u00e1s til\u00edn nos hacen. Por supuesto no faltar\u00e1 una estaci\u00f3n con <a href=\"http:\/\/www.cutoff.es\/secuenciadores\/4995-live-9-standard.html\" target=\"_blank\" rel=\"noopener noreferrer\">Ableton Live<\/a> y <a href=\"http:\/\/www.cutoff.es\/controladores\/6877-ableton-push-2.html\" target=\"_blank\" rel=\"noopener noreferrer\">Push 2<\/a>, que para algo est\u00e1 el <a href=\"https:\/\/www.facebook.com\/groups\/288367407848801\" target=\"_blank\" rel=\"noopener noreferrer\">User Group de Ableton de Barcelona<\/a> implicado en la organizaci\u00f3n. Tampoco faltar\u00e1n nuestras queridas <a href=\"http:\/\/www.cutoff.es\/groove-box-sampler\/5744-analog-rytm.html\" target=\"_blank\" rel=\"noopener noreferrer\">Analog RYTM<\/a> y <a href=\"http:\/\/www.cutoff.es\/sintetizadores\/5064-elektron-analog-four.html\" target=\"_blank\" rel=\"noopener noreferrer\">Analog Four<\/a> de Elektron mostrando todo su potencial de la mano de la tecnolog\u00eda <a href=\"http:\/\/www.cutoff.es\/blog\/workshop-elektron-machines-y-overbridge\/\" target=\"_blank\" rel=\"noopener noreferrer\">Overbridge<\/a>. Como comentamos recientemente los sintetizadores modulares ya son <a href=\"http:\/\/www.cutoff.es\/blog\/cutoff-goes-modular\/\" target=\"_blank\" rel=\"noopener noreferrer\">una realidad en Cutoff<\/a>, de manera que tambi\u00e9n dispondremos de una amplia variedad de las soluciones que tenemos en cat\u00e1logo en formato EuroRack.<\/p>\n<p>No est\u00e1 nada mal \u00bfverdad? Para ir haciendo boca os dejamos un resumen en v\u00eddeo de lo que fue la primera jornada Tupper que tuvo lugar el pasado 2014.<\/p>\n<div class=\"nv-iframe-embed\"><iframe title=\"Tupper #1 Barcelona\" width=\"1200\" height=\"675\" src=\"https:\/\/www.youtube.com\/embed\/qRHqpPK-Hro?feature=oembed\" frameborder=\"0\" allow=\"accelerometer; autoplay; clipboard-write; encrypted-media; gyroscope; picture-in-picture\" allowfullscreen><\/iframe><\/div>\n<p>&nbsp;<\/p>\n","protected":false},"excerpt":{"rendered":"<p>\u00bfOs acord\u00e1is de la primera edici\u00f3n de Tupper? Hay ganas de m\u00e1s \u00bfeh? El 16 de Enero tendr\u00e1 lugar la segunda edici\u00f3n de esta jornada sobre m\u00fasica electr\u00f3nica en el Convent de Sant Agust\u00ed, en Barcelona. Al igual que la primera edici\u00f3n, se tratar\u00e1 de un evento gratuito, aunque si no quieres quedarte sin plaza&hellip;&nbsp;<a href=\"https:\/\/www.cutoff.es\/blog\/cutoff-en-tupper2\/\" class=\"\" rel=\"bookmark\">Leer m&#225;s &raquo;<span class=\"screen-reader-text\">Cutoff en Tupper#2<\/span><\/a><\/p>\n","protected":false},"author":4,"featured_media":2357,"comment_status":"open","ping_status":"closed","sticky":false,"template":"","format":"standard","meta":{"neve_meta_sidebar":"","neve_meta_container":"","neve_meta_enable_content_width":"","neve_meta_content_width":0,"neve_meta_title_alignment":"","neve_meta_author_avatar":"","neve_post_elements_order":"","neve_meta_disable_header":"","neve_meta_disable_footer":"","neve_meta_disable_title":""},"categories":[125,18,2],"tags":[41,489,86,490,245,498,42,496,497],"yoast_head":"<!-- This site is optimized with the Yoast SEO plugin v15.1.1 - https:\/\/yoast.com\/wordpress\/plugins\/seo\/ -->\n<title>Cutoff en Tupper#2 | Cutoff Blog<\/title>\n<meta name=\"description\" content=\"Vuelve Tupper, una jornada sobre m\u00fasica electr\u00f3nica donde Cutoff estar\u00e1 participando como colaborador principal adem\u00e1s de estar en el mercadillo tecnol\u00f3gico\" \/>\n<meta name=\"robots\" content=\"index, follow, max-snippet:-1, max-image-preview:large, max-video-preview:-1\" \/>\n<link rel=\"canonical\" href=\"https:\/\/www.cutoff.es\/blog\/cutoff-en-tupper2\/\" \/>\n<meta property=\"og:locale\" content=\"es_ES\" \/>\n<meta property=\"og:type\" content=\"article\" \/>\n<meta property=\"og:title\" content=\"Cutoff en Tupper#2 | Cutoff Blog\" \/>\n<meta property=\"og:description\" content=\"Vuelve Tupper, una jornada sobre m\u00fasica electr\u00f3nica donde Cutoff estar\u00e1 participando como colaborador principal adem\u00e1s de estar en el mercadillo tecnol\u00f3gico\" \/>\n<meta property=\"og:url\" content=\"https:\/\/www.cutoff.es\/blog\/cutoff-en-tupper2\/\" \/>\n<meta property=\"og:site_name\" content=\"Cutoff Blog\" \/>\n<meta property=\"article:publisher\" content=\"https:\/\/es-es.facebook.com\/cutoffproaudio\" \/>\n<meta property=\"article:author\" content=\"https:\/\/www.facebook.com\/cutoffproaudio\" \/>\n<meta property=\"article:published_time\" content=\"2015-12-30T19:05:24+00:00\" \/>\n<meta property=\"article:modified_time\" content=\"2025-11-10T11:05:41+00:00\" \/>\n<meta property=\"og:image\" content=\"https:\/\/www.cutoff.es\/blog\/wp-content\/uploads\/2015\/12\/cutoff-en-tupper2.jpg\" \/>\n\t<meta property=\"og:image:width\" content=\"620\" \/>\n\t<meta property=\"og:image:height\" content=\"300\" \/>\n<script type=\"application\/ld+json\" class=\"yoast-schema-graph\">{\"@context\":\"https:\/\/schema.org\",\"@graph\":[{\"@type\":\"WebSite\",\"@id\":\"https:\/\/www.cutoff.es\/blog\/#website\",\"url\":\"https:\/\/www.cutoff.es\/blog\/\",\"name\":\"Cutoff Blog\",\"description\":\"Blog de Cutoff, novedades sobre equipamiento DJ, inform\\u00e1ci\\u00f3n sobre eventos y artistas del panorama de la m\\u00fasica electr\\u00f3nica\",\"potentialAction\":[{\"@type\":\"SearchAction\",\"target\":\"https:\/\/www.cutoff.es\/blog\/?s={search_term_string}\",\"query-input\":\"required name=search_term_string\"}],\"inLanguage\":\"es\"},{\"@type\":\"ImageObject\",\"@id\":\"https:\/\/www.cutoff.es\/blog\/cutoff-en-tupper2\/#primaryimage\",\"inLanguage\":\"es\",\"url\":\"https:\/\/www.cutoff.es\/blog\/wp-content\/uploads\/2015\/12\/cutoff-en-tupper2.jpg\",\"width\":620,\"height\":300},{\"@type\":\"WebPage\",\"@id\":\"https:\/\/www.cutoff.es\/blog\/cutoff-en-tupper2\/#webpage\",\"url\":\"https:\/\/www.cutoff.es\/blog\/cutoff-en-tupper2\/\",\"name\":\"Cutoff en Tupper#2 | Cutoff Blog\",\"isPartOf\":{\"@id\":\"https:\/\/www.cutoff.es\/blog\/#website\"},\"primaryImageOfPage\":{\"@id\":\"https:\/\/www.cutoff.es\/blog\/cutoff-en-tupper2\/#primaryimage\"},\"datePublished\":\"2015-12-30T19:05:24+00:00\",\"dateModified\":\"2025-11-10T11:05:41+00:00\",\"author\":{\"@id\":\"https:\/\/www.cutoff.es\/blog\/#\/schema\/person\/8ceb71095834bcd9d6df48f482722ce4\"},\"description\":\"Vuelve Tupper, una jornada sobre m\\u00fasica electr\\u00f3nica donde Cutoff estar\\u00e1 participando como colaborador principal adem\\u00e1s de estar en el mercadillo tecnol\\u00f3gico\",\"inLanguage\":\"es\",\"potentialAction\":[{\"@type\":\"ReadAction\",\"target\":[\"https:\/\/www.cutoff.es\/blog\/cutoff-en-tupper2\/\"]}]},{\"@type\":\"Person\",\"@id\":\"https:\/\/www.cutoff.es\/blog\/#\/schema\/person\/8ceb71095834bcd9d6df48f482722ce4\",\"name\":\"Cutoff\",\"image\":{\"@type\":\"ImageObject\",\"@id\":\"https:\/\/www.cutoff.es\/blog\/#personlogo\",\"inLanguage\":\"es\",\"url\":\"https:\/\/secure.gravatar.com\/avatar\/14840c74b35686d5739748d3a55855cd?s=96&d=mm&r=g\",\"caption\":\"Cutoff\"},\"description\":\"CUTOFF PRO AUDIO es una joven empresa que nace para dar un servicio personalizado a las necesidades del Productor Musical y\/o Deejay actual, ofreciendo asesoramiento profesional, soluciones a medida a precios competitivos, distingui\\u00e9ndonos por ofrecer un trato personalizado a nuestra clientela.\",\"sameAs\":[\"https:\/\/www.cutoff.es\",\"https:\/\/www.facebook.com\/cutoffproaudio\",\"https:\/\/www.instagram.com\/cutoffproaudio\",\"https:\/\/twitter.com\/cutoffproaudio\",\"https:\/\/www.youtube.com\/cutoffproaudio\"]}]}<\/script>\n<!-- \/ Yoast SEO plugin. -->","_links":{"self":[{"href":"https:\/\/www.cutoff.es\/blog\/wp-json\/wp\/v2\/posts\/2354"}],"collection":[{"href":"https:\/\/www.cutoff.es\/blog\/wp-json\/wp\/v2\/posts"}],"about":[{"href":"https:\/\/www.cutoff.es\/blog\/wp-json\/wp\/v2\/types\/post"}],"author":[{"embeddable":true,"href":"https:\/\/www.cutoff.es\/blog\/wp-json\/wp\/v2\/users\/4"}],"replies":[{"embeddable":true,"href":"https:\/\/www.cutoff.es\/blog\/wp-json\/wp\/v2\/comments?post=2354"}],"version-history":[{"count":8,"href":"https:\/\/www.cutoff.es\/blog\/wp-json\/wp\/v2\/posts\/2354\/revisions"}],"predecessor-version":[{"id":12701,"href":"https:\/\/www.cutoff.es\/blog\/wp-json\/wp\/v2\/posts\/2354\/revisions\/12701"}],"wp:featuredmedia":[{"embeddable":true,"href":"https:\/\/www.cutoff.es\/blog\/wp-json\/wp\/v2\/media\/2357"}],"wp:attachment":[{"href":"https:\/\/www.cutoff.es\/blog\/wp-json\/wp\/v2\/media?parent=2354"}],"wp:term":[{"taxonomy":"category","embeddable":true,"href":"https:\/\/www.cutoff.es\/blog\/wp-json\/wp\/v2\/categories?post=2354"},{"taxonomy":"post_tag","embeddable":true,"href":"https:\/\/www.cutoff.es\/blog\/wp-json\/wp\/v2\/tags?post=2354"}],"curies":[{"name":"wp","href":"https:\/\/api.w.org\/{rel}","templated":true}]}}