{"id":1807,"date":"2015-06-04T13:53:51","date_gmt":"2015-06-04T12:53:51","guid":{"rendered":"http:\/\/www.cutoff.es\/blog\/?p=1807"},"modified":"2020-10-07T11:38:46","modified_gmt":"2020-10-07T09:38:46","slug":"native-instruments-summer-sound-2015","status":"publish","type":"post","link":"https:\/\/www.cutoff.es\/blog\/native-instruments-summer-sound-2015\/","title":{"rendered":"Native Instruments Summer Of Sound 2015"},"content":{"rendered":"<h2>Native Instruments Summer Of Sound 2015<\/h2>\n<p>Llega el verano y <strong>Native Instrument<\/strong>s quiere celebrar la llegada estival con una nueva promoci\u00f3n que afecta directamente a su serie de productos <strong>Komplete<\/strong>. Upgrades y crossgrades del <a href=\"\/4-software\">software<\/a> Komplete a mitad de precio y mucho m\u00e1s, por lo que, no se nos ocurre una mejor manera de empezar el verano!<\/p>\n<p>Seguro que te est\u00e1s preguntando si est\u00e1s ofertas y descuentos se ajustan a tu caso, as\u00ed que vayamos directos al grano.<\/p>\n<p>Si eres usuario de alguna versi\u00f3n anterior a <strong>Komplete 10<\/strong> o a <strong>Komplete 10 Ultimate<\/strong> te ahorras el 50% en las actualizaciones y upgrades a versiones <strong>Komplete 10<\/strong> y <strong>Komplete 10 Ultimate<\/strong>.<\/p>\n<p><span style=\"text-decoration: underline;\"><strong>Ofertas para adquirir Komplete 10 o Komplete 10 Ultimate<\/strong><\/span><\/p>\n<p>&#8211; Usuarios de versiones de Komplete entre la versi\u00f3n 2 y la 9, podr\u00e9is actualizar a <strong>Komplete 10<\/strong> por tan solo 99 \u20ac.<\/p>\n<p>&#8211; Usuarios de versiones de Komplete Ultimate 8 o 9, podr\u00e9is actualizar a <strong>Komplete 10 Ultimate<\/strong> por tan solo 199 \u20ac.<\/p>\n<p>&#8211; Usuarios de versiones de Komplete entre la versi\u00f3n 2 y la 9, podr\u00e9is actualizar a Komplete 10 Ultimate por tan solo 349 \u20ac.<\/p>\n<p>&#8211; Usuarios de versiones de Komplete 10, podr\u00e9is actualizar a Komplete 10 Ultimate por tan solo 249\u20ac.<\/p>\n<p>Pero no se acaba aqu\u00ed. Si compras un teclado de la serie <a title=\"Teclados Komplete Kontrol\" href=\"\/buscar?tag=KompleteKontrol\">Komplete Kontrol<\/a> o cualquiera de las versiones de <a title=\"Maschine\" href=\"\/buscar?tag=maschine\">Maschine<\/a> te podr\u00e1s beneficiar de un 50% de descuento al comprar Komplete 10 Crossgrade o Komplete 10 Ultimate Crossgrade. Mola \u00bfno?<\/p>\n<p>Adem\u00e1s, hemos preparado un conjunto de packs con diferentes opciones de configuraciones para completar tu Komplete 10 o Komplete 10 Ultimate.<\/p>\n<hr \/>\n<p>&nbsp;<\/p>\n<p>Cualquier consulta, pregunta o duda relacionada con las ofertas veraniegas o con cualquiera de los productos de <strong>Native Instruments<\/strong> no dudes en ponerte en contacto con nosotros a trav\u00e9s de nuestras diferentes v\u00edas. \u00a1Estaremos encantad@s de atenderte!<\/p>\n","protected":false},"excerpt":{"rendered":"<p>Native Instruments Summer Of Sound 2015 Llega el verano y Native Instruments quiere celebrar la llegada estival con una nueva promoci\u00f3n que afecta directamente a su serie de productos Komplete. Upgrades y crossgrades del software Komplete a mitad de precio y mucho m\u00e1s, por lo que, no se nos ocurre una mejor manera de empezar&hellip;&nbsp;<a href=\"https:\/\/www.cutoff.es\/blog\/native-instruments-summer-sound-2015\/\" class=\"\" rel=\"bookmark\">Leer m&#225;s &raquo;<span class=\"screen-reader-text\">Native Instruments Summer Of Sound 2015<\/span><\/a><\/p>\n","protected":false},"author":4,"featured_media":1819,"comment_status":"open","ping_status":"closed","sticky":false,"template":"","format":"standard","meta":{"neve_meta_sidebar":"","neve_meta_container":"","neve_meta_enable_content_width":"","neve_meta_content_width":0,"neve_meta_title_alignment":"","neve_meta_author_avatar":"","neve_post_elements_order":"","neve_meta_disable_header":"","neve_meta_disable_footer":"","neve_meta_disable_title":""},"categories":[51,135],"tags":[237,204,391,979,392],"yoast_head":"<!-- This site is optimized with the Yoast SEO plugin v15.1.1 - https:\/\/yoast.com\/wordpress\/plugins\/seo\/ -->\n<title>Native Instruments Summer Of Sound 2015 | Cutoff Blog<\/title>\n<meta name=\"description\" content=\"Llega el verano y Native Instruments quiere celebrar la llegada estival con una nueva promoci\u00f3n que afecta directamente a su serie de productos Komplete\" \/>\n<meta name=\"robots\" content=\"index, follow, max-snippet:-1, max-image-preview:large, max-video-preview:-1\" \/>\n<link rel=\"canonical\" href=\"https:\/\/www.cutoff.es\/blog\/native-instruments-summer-sound-2015\/\" \/>\n<meta property=\"og:locale\" content=\"es_ES\" \/>\n<meta property=\"og:type\" content=\"article\" \/>\n<meta property=\"og:title\" content=\"Native Instruments Summer Of Sound 2015 | Cutoff Blog\" \/>\n<meta property=\"og:description\" content=\"Llega el verano y Native Instruments quiere celebrar la llegada estival con una nueva promoci\u00f3n que afecta directamente a su serie de productos Komplete\" \/>\n<meta property=\"og:url\" content=\"https:\/\/www.cutoff.es\/blog\/native-instruments-summer-sound-2015\/\" \/>\n<meta property=\"og:site_name\" content=\"Cutoff Blog\" \/>\n<meta property=\"article:publisher\" content=\"https:\/\/es-es.facebook.com\/cutoffproaudio\" \/>\n<meta property=\"article:author\" content=\"https:\/\/www.facebook.com\/cutoffproaudio\" \/>\n<meta property=\"article:published_time\" content=\"2015-06-04T12:53:51+00:00\" \/>\n<meta property=\"article:modified_time\" content=\"2020-10-07T09:38:46+00:00\" \/>\n<meta property=\"og:image\" content=\"https:\/\/www.cutoff.es\/blog\/wp-content\/uploads\/2015\/06\/Native-Instruments-Summer-Of-Sound-2015.jpg\" \/>\n\t<meta property=\"og:image:width\" content=\"620\" \/>\n\t<meta property=\"og:image:height\" content=\"300\" \/>\n<script type=\"application\/ld+json\" class=\"yoast-schema-graph\">{\"@context\":\"https:\/\/schema.org\",\"@graph\":[{\"@type\":\"WebSite\",\"@id\":\"https:\/\/www.cutoff.es\/blog\/#website\",\"url\":\"https:\/\/www.cutoff.es\/blog\/\",\"name\":\"Cutoff Blog\",\"description\":\"Blog de Cutoff, novedades sobre equipamiento DJ, inform\\u00e1ci\\u00f3n sobre eventos y artistas del panorama de la m\\u00fasica electr\\u00f3nica\",\"potentialAction\":[{\"@type\":\"SearchAction\",\"target\":\"https:\/\/www.cutoff.es\/blog\/?s={search_term_string}\",\"query-input\":\"required name=search_term_string\"}],\"inLanguage\":\"es\"},{\"@type\":\"ImageObject\",\"@id\":\"https:\/\/www.cutoff.es\/blog\/native-instruments-summer-sound-2015\/#primaryimage\",\"inLanguage\":\"es\",\"url\":\"https:\/\/www.cutoff.es\/blog\/wp-content\/uploads\/2015\/06\/Native-Instruments-Summer-Of-Sound-2015.jpg\",\"width\":620,\"height\":300},{\"@type\":\"WebPage\",\"@id\":\"https:\/\/www.cutoff.es\/blog\/native-instruments-summer-sound-2015\/#webpage\",\"url\":\"https:\/\/www.cutoff.es\/blog\/native-instruments-summer-sound-2015\/\",\"name\":\"Native Instruments Summer Of Sound 2015 | Cutoff Blog\",\"isPartOf\":{\"@id\":\"https:\/\/www.cutoff.es\/blog\/#website\"},\"primaryImageOfPage\":{\"@id\":\"https:\/\/www.cutoff.es\/blog\/native-instruments-summer-sound-2015\/#primaryimage\"},\"datePublished\":\"2015-06-04T12:53:51+00:00\",\"dateModified\":\"2020-10-07T09:38:46+00:00\",\"author\":{\"@id\":\"https:\/\/www.cutoff.es\/blog\/#\/schema\/person\/8ceb71095834bcd9d6df48f482722ce4\"},\"description\":\"Llega el verano y Native Instruments quiere celebrar la llegada estival con una nueva promoci\\u00f3n que afecta directamente a su serie de productos Komplete\",\"inLanguage\":\"es\",\"potentialAction\":[{\"@type\":\"ReadAction\",\"target\":[\"https:\/\/www.cutoff.es\/blog\/native-instruments-summer-sound-2015\/\"]}]},{\"@type\":\"Person\",\"@id\":\"https:\/\/www.cutoff.es\/blog\/#\/schema\/person\/8ceb71095834bcd9d6df48f482722ce4\",\"name\":\"Cutoff\",\"image\":{\"@type\":\"ImageObject\",\"@id\":\"https:\/\/www.cutoff.es\/blog\/#personlogo\",\"inLanguage\":\"es\",\"url\":\"https:\/\/secure.gravatar.com\/avatar\/14840c74b35686d5739748d3a55855cd?s=96&d=mm&r=g\",\"caption\":\"Cutoff\"},\"description\":\"CUTOFF PRO AUDIO es una joven empresa que nace para dar un servicio personalizado a las necesidades del Productor Musical y\/o Deejay actual, ofreciendo asesoramiento profesional, soluciones a medida a precios competitivos, distingui\\u00e9ndonos por ofrecer un trato personalizado a nuestra clientela.\",\"sameAs\":[\"https:\/\/www.cutoff.es\",\"https:\/\/www.facebook.com\/cutoffproaudio\",\"https:\/\/www.instagram.com\/cutoffproaudio\",\"https:\/\/twitter.com\/cutoffproaudio\",\"https:\/\/www.youtube.com\/cutoffproaudio\"]}]}<\/script>\n<!-- \/ Yoast SEO plugin. -->","_links":{"self":[{"href":"https:\/\/www.cutoff.es\/blog\/wp-json\/wp\/v2\/posts\/1807"}],"collection":[{"href":"https:\/\/www.cutoff.es\/blog\/wp-json\/wp\/v2\/posts"}],"about":[{"href":"https:\/\/www.cutoff.es\/blog\/wp-json\/wp\/v2\/types\/post"}],"author":[{"embeddable":true,"href":"https:\/\/www.cutoff.es\/blog\/wp-json\/wp\/v2\/users\/4"}],"replies":[{"embeddable":true,"href":"https:\/\/www.cutoff.es\/blog\/wp-json\/wp\/v2\/comments?post=1807"}],"version-history":[{"count":19,"href":"https:\/\/www.cutoff.es\/blog\/wp-json\/wp\/v2\/posts\/1807\/revisions"}],"predecessor-version":[{"id":7218,"href":"https:\/\/www.cutoff.es\/blog\/wp-json\/wp\/v2\/posts\/1807\/revisions\/7218"}],"wp:featuredmedia":[{"embeddable":true,"href":"https:\/\/www.cutoff.es\/blog\/wp-json\/wp\/v2\/media\/1819"}],"wp:attachment":[{"href":"https:\/\/www.cutoff.es\/blog\/wp-json\/wp\/v2\/media?parent=1807"}],"wp:term":[{"taxonomy":"category","embeddable":true,"href":"https:\/\/www.cutoff.es\/blog\/wp-json\/wp\/v2\/categories?post=1807"},{"taxonomy":"post_tag","embeddable":true,"href":"https:\/\/www.cutoff.es\/blog\/wp-json\/wp\/v2\/tags?post=1807"}],"curies":[{"name":"wp","href":"https:\/\/api.w.org\/{rel}","templated":true}]}}