{"id":1775,"date":"2015-05-12T11:54:40","date_gmt":"2015-05-12T10:54:40","guid":{"rendered":"http:\/\/www.cutoff.es\/blog\/?p=1775"},"modified":"2023-09-05T13:11:31","modified_gmt":"2023-09-05T11:11:31","slug":"workshop-tratamiento-acustico-para-estudios","status":"publish","type":"post","link":"https:\/\/www.cutoff.es\/blog\/workshop-tratamiento-acustico-para-estudios\/","title":{"rendered":"Workshop: Tratamiento ac\u00fastico para estudios"},"content":{"rendered":"<p>Tanto o m\u00e1s importante que el modelo de monitores, la calidad de nuestra interfaz de audio o del resto de nuestros equipos es el sonido de nuestro home studio. Ya podemos tener los mejores equipos que si no est\u00e1 debidamente acondicionado ac\u00fasticamente los resultados ser\u00e1n un total desastre.<\/p>\n<p>Desde luego ponernos a pensar en ac\u00fastica nos infunde respeto. No es un campo en el que tengamos por norma general ni la experiencia ni los conocimientos necesarios para, de entrada, resolver eficientemente los problemas que tengamos en nuestra sala. Nada m\u00e1s lejos de la realidad.<\/p>\n<p>En colaboraci\u00f3n con <strong>Alejandro Ja\u00e9n<\/strong>, ingeniero ac\u00fastico en <a href=\"http:\/\/www.cutoff.es\/253_skum-acoustics\" target=\"_blank\" rel=\"noopener noreferrer\">Skum Acoustics<\/a>, hemos preparado este workshop donde se explicar\u00e1n tanto conceptos ac\u00fasticos b\u00e1sicos para saber qu\u00e9 tipo de problemas nos vamos a encontrar como se ofrecer\u00e1n herramientas que nos ayudar\u00e1n a calcular y dise\u00f1ar que tipo de materiales vamos a necesitar para dar un tratamiento ac\u00fastico \u00f3ptimo a nuestro estudio.<\/p>\n<p>Tambi\u00e9n es una excelente oportunidad para que nos traigas <a href=\"http:\/\/www.cutoff.es\/download\/Cutoff-formulario-acustica.pdf\" target=\"_blank\" rel=\"noopener noreferrer\">este formulario<\/a> junto a un plano con informaci\u00f3n relativa a tu estudio para que podamos aconsejarte con el tratamiento ac\u00fastico m\u00e1s adecuado.<\/p>\n<p style=\"text-align: center;\"><span style=\"color: #ff0000;\"><strong>\u2014\u2014\u2014\u2014\u2014\u2014- AFORO COMPLETO \u2014\u2014\u2014\u2014\u2014\u2014\u2014-<\/strong><\/span><\/p>\n<p><strong>Informaci\u00f3n del evento:<\/strong><br \/>\n<strong>Fecha:<\/strong>&nbsp;20\/05\/2015<br \/>\n<strong>Hora:<\/strong>&nbsp;18:00<br \/>\n<strong>Direcci\u00f3n:<\/strong>&nbsp;C\/ Rocafort 240, Entresuelo 2, 08029 (Barcelona)<br \/>\n<strong>Tel\u00e9fono:<\/strong>&nbsp;93 5323236<br \/>\n<strong>E-mail:<\/strong>&nbsp;info@cutoff.es<br \/>\n<strong>C\u00f3mo llegar<\/strong><\/p>\n<p><center><code><iframe frameborder=\"0\" height=\"350\" marginheight=\"0\" marginwidth=\"0\" scrolling=\"no\" src=\"https:\/\/www.google.es\/maps?f=q&amp;source=s_q&amp;hl=es&amp;geocode=&amp;q=Carrer+de+Rocafort,+240,+Barcelona&amp;aq=0&amp;oq=Rocafort,+240.+&amp;sll=41.39479,2.148768&amp;sspn=0.316272,0.670166&amp;ie=UTF8&amp;hq=&amp;hnear=Carrer+de+Rocafort,+240,+08029+Barcelona&amp;ll=41.385921,2.14469&amp;spn=0.009885,0.020943&amp;t=m&amp;z=15&amp;iwloc=&amp;output=embed\" width=\"730\"><\/iframe><\/code><\/center>&nbsp;<\/p>\n","protected":false},"excerpt":{"rendered":"<p>Tanto o m\u00e1s importante que el modelo de monitores, la calidad de nuestra interfaz de audio o del resto de nuestros equipos es el sonido de nuestro home studio. Ya podemos tener los mejores equipos que si no est\u00e1 debidamente acondicionado ac\u00fasticamente los resultados ser\u00e1n un total desastre. Desde luego ponernos a pensar en ac\u00fastica&hellip;&nbsp;<a href=\"https:\/\/www.cutoff.es\/blog\/workshop-tratamiento-acustico-para-estudios\/\" class=\"\" rel=\"bookmark\">Leer m&#225;s &raquo;<span class=\"screen-reader-text\">Workshop: Tratamiento ac\u00fastico para estudios<\/span><\/a><\/p>\n","protected":false},"author":4,"featured_media":11061,"comment_status":"open","ping_status":"closed","sticky":false,"template":"","format":"standard","meta":{"neve_meta_sidebar":"","neve_meta_container":"","neve_meta_enable_content_width":"","neve_meta_content_width":0,"neve_meta_title_alignment":"","neve_meta_author_avatar":"","neve_post_elements_order":"","neve_meta_disable_header":"","neve_meta_disable_footer":"","neve_meta_disable_title":""},"categories":[40],"tags":[387,386,303,226,385],"yoast_head":"<!-- This site is optimized with the Yoast SEO plugin v15.1.1 - https:\/\/yoast.com\/wordpress\/plugins\/seo\/ -->\n<title>Workshop: Tratamiento ac\u00fastico para estudios | Cutoff Blog<\/title>\n<meta name=\"description\" content=\"Alejandro Ja\u00e9n de Skum Acoustics impartir\u00e1 este workshop donde aprenderemos conceptos b\u00e1sicos de ac\u00fastica y a tratar nuestro estudio en un contexto ac\u00fastico\" \/>\n<meta name=\"robots\" content=\"index, follow, max-snippet:-1, max-image-preview:large, max-video-preview:-1\" \/>\n<link rel=\"canonical\" href=\"https:\/\/www.cutoff.es\/blog\/workshop-tratamiento-acustico-para-estudios\/\" \/>\n<meta property=\"og:locale\" content=\"es_ES\" \/>\n<meta property=\"og:type\" content=\"article\" \/>\n<meta property=\"og:title\" content=\"Workshop: Tratamiento ac\u00fastico para estudios | Cutoff Blog\" \/>\n<meta property=\"og:description\" content=\"Alejandro Ja\u00e9n de Skum Acoustics impartir\u00e1 este workshop donde aprenderemos conceptos b\u00e1sicos de ac\u00fastica y a tratar nuestro estudio en un contexto ac\u00fastico\" \/>\n<meta property=\"og:url\" content=\"https:\/\/www.cutoff.es\/blog\/workshop-tratamiento-acustico-para-estudios\/\" \/>\n<meta property=\"og:site_name\" content=\"Cutoff Blog\" \/>\n<meta property=\"article:publisher\" content=\"https:\/\/es-es.facebook.com\/cutoffproaudio\" \/>\n<meta property=\"article:author\" content=\"https:\/\/www.facebook.com\/cutoffproaudio\" \/>\n<meta property=\"article:published_time\" content=\"2015-05-12T10:54:40+00:00\" \/>\n<meta property=\"article:modified_time\" content=\"2023-09-05T11:11:31+00:00\" \/>\n<meta property=\"og:image\" content=\"https:\/\/www.cutoff.es\/blog\/wp-content\/uploads\/2015\/05\/Workshop-Tratamiento-acu\u0301stico-para-estudios.jpg\" \/>\n\t<meta property=\"og:image:width\" content=\"798\" \/>\n\t<meta property=\"og:image:height\" content=\"385\" \/>\n<script type=\"application\/ld+json\" class=\"yoast-schema-graph\">{\"@context\":\"https:\/\/schema.org\",\"@graph\":[{\"@type\":\"WebSite\",\"@id\":\"https:\/\/www.cutoff.es\/blog\/#website\",\"url\":\"https:\/\/www.cutoff.es\/blog\/\",\"name\":\"Cutoff Blog\",\"description\":\"Blog de Cutoff, novedades sobre equipamiento DJ, inform\\u00e1ci\\u00f3n sobre eventos y artistas del panorama de la m\\u00fasica electr\\u00f3nica\",\"potentialAction\":[{\"@type\":\"SearchAction\",\"target\":\"https:\/\/www.cutoff.es\/blog\/?s={search_term_string}\",\"query-input\":\"required name=search_term_string\"}],\"inLanguage\":\"es\"},{\"@type\":\"ImageObject\",\"@id\":\"https:\/\/www.cutoff.es\/blog\/workshop-tratamiento-acustico-para-estudios\/#primaryimage\",\"inLanguage\":\"es\",\"url\":\"https:\/\/www.cutoff.es\/blog\/wp-content\/uploads\/2015\/05\/Workshop-Tratamiento-acu\\u0301stico-para-estudios.jpg\",\"width\":798,\"height\":385},{\"@type\":\"WebPage\",\"@id\":\"https:\/\/www.cutoff.es\/blog\/workshop-tratamiento-acustico-para-estudios\/#webpage\",\"url\":\"https:\/\/www.cutoff.es\/blog\/workshop-tratamiento-acustico-para-estudios\/\",\"name\":\"Workshop: Tratamiento ac\\u00fastico para estudios | Cutoff Blog\",\"isPartOf\":{\"@id\":\"https:\/\/www.cutoff.es\/blog\/#website\"},\"primaryImageOfPage\":{\"@id\":\"https:\/\/www.cutoff.es\/blog\/workshop-tratamiento-acustico-para-estudios\/#primaryimage\"},\"datePublished\":\"2015-05-12T10:54:40+00:00\",\"dateModified\":\"2023-09-05T11:11:31+00:00\",\"author\":{\"@id\":\"https:\/\/www.cutoff.es\/blog\/#\/schema\/person\/8ceb71095834bcd9d6df48f482722ce4\"},\"description\":\"Alejandro Ja\\u00e9n de Skum Acoustics impartir\\u00e1 este workshop donde aprenderemos conceptos b\\u00e1sicos de ac\\u00fastica y a tratar nuestro estudio en un contexto ac\\u00fastico\",\"inLanguage\":\"es\",\"potentialAction\":[{\"@type\":\"ReadAction\",\"target\":[\"https:\/\/www.cutoff.es\/blog\/workshop-tratamiento-acustico-para-estudios\/\"]}]},{\"@type\":\"Person\",\"@id\":\"https:\/\/www.cutoff.es\/blog\/#\/schema\/person\/8ceb71095834bcd9d6df48f482722ce4\",\"name\":\"Cutoff\",\"image\":{\"@type\":\"ImageObject\",\"@id\":\"https:\/\/www.cutoff.es\/blog\/#personlogo\",\"inLanguage\":\"es\",\"url\":\"https:\/\/secure.gravatar.com\/avatar\/14840c74b35686d5739748d3a55855cd?s=96&d=mm&r=g\",\"caption\":\"Cutoff\"},\"description\":\"CUTOFF PRO AUDIO es una joven empresa que nace para dar un servicio personalizado a las necesidades del Productor Musical y\/o Deejay actual, ofreciendo asesoramiento profesional, soluciones a medida a precios competitivos, distingui\\u00e9ndonos por ofrecer un trato personalizado a nuestra clientela.\",\"sameAs\":[\"https:\/\/www.cutoff.es\",\"https:\/\/www.facebook.com\/cutoffproaudio\",\"https:\/\/www.instagram.com\/cutoffproaudio\",\"https:\/\/twitter.com\/cutoffproaudio\",\"https:\/\/www.youtube.com\/cutoffproaudio\"]}]}<\/script>\n<!-- \/ Yoast SEO plugin. -->","_links":{"self":[{"href":"https:\/\/www.cutoff.es\/blog\/wp-json\/wp\/v2\/posts\/1775"}],"collection":[{"href":"https:\/\/www.cutoff.es\/blog\/wp-json\/wp\/v2\/posts"}],"about":[{"href":"https:\/\/www.cutoff.es\/blog\/wp-json\/wp\/v2\/types\/post"}],"author":[{"embeddable":true,"href":"https:\/\/www.cutoff.es\/blog\/wp-json\/wp\/v2\/users\/4"}],"replies":[{"embeddable":true,"href":"https:\/\/www.cutoff.es\/blog\/wp-json\/wp\/v2\/comments?post=1775"}],"version-history":[{"count":15,"href":"https:\/\/www.cutoff.es\/blog\/wp-json\/wp\/v2\/posts\/1775\/revisions"}],"predecessor-version":[{"id":11062,"href":"https:\/\/www.cutoff.es\/blog\/wp-json\/wp\/v2\/posts\/1775\/revisions\/11062"}],"wp:featuredmedia":[{"embeddable":true,"href":"https:\/\/www.cutoff.es\/blog\/wp-json\/wp\/v2\/media\/11061"}],"wp:attachment":[{"href":"https:\/\/www.cutoff.es\/blog\/wp-json\/wp\/v2\/media?parent=1775"}],"wp:term":[{"taxonomy":"category","embeddable":true,"href":"https:\/\/www.cutoff.es\/blog\/wp-json\/wp\/v2\/categories?post=1775"},{"taxonomy":"post_tag","embeddable":true,"href":"https:\/\/www.cutoff.es\/blog\/wp-json\/wp\/v2\/tags?post=1775"}],"curies":[{"name":"wp","href":"https:\/\/api.w.org\/{rel}","templated":true}]}}