{"id":12727,"date":"2025-12-05T13:00:00","date_gmt":"2025-12-05T12:00:00","guid":{"rendered":"https:\/\/www.cutoff.es\/blog\/?p=12727"},"modified":"2026-01-16T13:46:30","modified_gmt":"2026-01-16T12:46:30","slug":"te-invitamos-al-universal-audio-open-day","status":"publish","type":"post","link":"https:\/\/www.cutoff.es\/blog\/te-invitamos-al-universal-audio-open-day\/","title":{"rendered":"Te invitamos al Universal Audio Open Day"},"content":{"rendered":"\n<p>El pr\u00f3ximo <strong>18 de diciembre<\/strong>, de <strong>16:00 a 20:00<\/strong>,&nbsp; te invitamos al <strong>Universal Audio Open Day<\/strong> en Cutoff. Ser\u00e1 un evento que combinar\u00e1 demostraciones, pruebas de producto y un workshop exclusivo. Durante las dos primeras horas, de acceso libre, los asistentes podr\u00e1n probar y resolver sus dudas de los productos de <strong>Universal Audio<\/strong> que tendremos expuestos en nuestro showroom,  incluyendo las interfaces de audio Apollo, Volt, pedales de efectos, micr\u00f3fonos Sphere y mucho m\u00e1s. A partir de las 18:00, dar\u00e1 comienzo el workshop, (requiere registro previo) para todo aquel que quiera asistir.<\/p>\n\n\n\n<p><strong>Pedro De Sousa<\/strong>, productor y EMEA Product Training Specialist en <a href=\"https:\/\/www.cutoff.es\/es\/68_universal-audio\">Universal Audio<\/a> , abrir\u00e1 la sesi\u00f3n mostrando su flujo de trabajo con Luna Pro y explicando c\u00f3mo integrar las <a href=\"https:\/\/www.cutoff.es\/es\/marcas?mot_q=apollo\">Apollo<\/a> en un entorno de producci\u00f3n musical profesional, incluyendo t\u00e9cnicas de monitorizaci\u00f3n, calibraci\u00f3n de monitores y perfiles de auriculares con <a href=\"https:\/\/www.cutoff.es\/es\/software-correccion-acustica\/13685-sonarworks-apollo-monitor-correction-add-on.html\">Apollo Monitor Correction<\/a> gracias a la integraci\u00f3n con <a href=\"https:\/\/www.cutoff.es\/es\/336_sonarworks\">Sonarworks<\/a>. La parte de demostraci\u00f3n ser\u00e1 pr\u00e1ctica y amena, enfocada en tips, trucos y posibilidades creativas de los sistemas de Universal Audio, incluyendo el uso de micr\u00f3fonos <a href=\"https:\/\/www.cutoff.es\/es\/microfonos-condensador\/11572-universal-audio-sphere-dlx.html\">Sphere<\/a>, pedales UAFX o la nueva interfaz de audio <a href=\"https:\/\/www.cutoff.es\/es\/interfaces-de-audio-usb\/14866-universal-audio-volt-876-usb-recording-studio.html\">Volt 876<\/a>.<\/p>\n\n\n\n<p>Como artista invitado contaremos con la presencia de <strong>Andr\u00e9s Campo<\/strong>, que nos presentar\u00e1 un tema musical propio que ha trabajado con la interfaz Apollo Twin X y los plugins de UAD dentro de un proyecto en <a href=\"https:\/\/www.cutoff.es\/es\/ableton-descargas\/12814-ableton-live-12-suite.html\">Ableton Live<\/a>. Andr\u00e9s mostrar\u00e1 su proceso creativo sobre uno de sus temas m\u00e1s recientes ofreciendo a la audiencia una visi\u00f3n pr\u00e1ctica y real de una producci\u00f3n profesional.<\/p>\n\n\n\n<h2>Recupera el v\u00eddeo completo del workshop<\/h2>\n\n\n\n<figure class=\"wp-block-embed-youtube wp-block-embed is-type-video is-provider-youtube wp-embed-aspect-16-9 wp-has-aspect-ratio\"><div class=\"wp-block-embed__wrapper\">\n<div class=\"nv-iframe-embed\"><iframe title=\"Workshop Universal Audio: Andres Campo &amp; Pedro de Sousa\" width=\"1200\" height=\"675\" src=\"https:\/\/www.youtube.com\/embed\/2Y43Orqheo0?feature=oembed\" frameborder=\"0\" allow=\"accelerometer; autoplay; clipboard-write; encrypted-media; gyroscope; picture-in-picture; web-share\" referrerpolicy=\"strict-origin-when-cross-origin\" allowfullscreen><\/iframe><\/div>\n<\/div><\/figure>\n\n\n\n<h2>Qu\u00e9 veremos en el workshop<\/h2>\n\n\n\n<ul><li>Uso de interfaces Apollo integradas con el software DAW Luna Pro su flujo de trabajo con previos Unison.<\/li><li>Correcci\u00f3n de sala con Apollo Monitor Correction + Sonarworks y demostraci\u00f3n de perfiles de altavoces y cascos.<\/li><li>Uso de micr\u00f3fonos de modelado Sphere y pedales dentro de un proyecto profesional.<\/li><li>Interfaz de Audio Volt 876 y manejo de plugins UAD para potenciar la creatividad.<\/li><li>Integraci\u00f3n de Apollo X Rack y posibilidades de m\u00faltiples pares de altavoces.<\/li><li>Consejos y trucos pr\u00e1cticos de <strong>Pedro De Sousa<\/strong> y <strong>Andr\u00e9s Campo<\/strong> sobre producci\u00f3n y mezcla.<\/li><\/ul>\n\n\n\n<p>Adem\u00e1s, contaremos con todo el hardware de <strong>Universal Audio<\/strong> dispuesto en nuestros racks y muebles de nuestro showroom, creando un entorno visual y pr\u00e1ctico para que los asistentes puedan probar, explorar y experimentar de manera directa con los equipos.&nbsp;<\/p>\n\n\n\n<h2>Sobre Pedro De Sousa<\/h2>\n\n\n\n<p><strong>Pedro De Sousa<\/strong> es un productor y t\u00e9cnico de mastering de reconocido prestigio, y es EMEA Product Training Specialist Universal Audio. Gracias a su enfoque pr\u00e1ctico y did\u00e1ctico, y a su dilatada experiencia permite transmitir conocimientos de manera clara y accesible, mostrando el m\u00e1ximo potencial de cada herramienta.<\/p>\n\n\n\n<p>Puedes seguirlo en su <a href=\"https:\/\/www.desousamixing.com\/\" target=\"_blank\" rel=\"noreferrer noopener\">p\u00e1gina web<\/a><\/p>\n\n\n\n<h2>Sobre Andr\u00e9s Campo<\/h2>\n\n\n\n<p><strong>Andr\u00e9s Campo<\/strong> es uno de los DJs y productores espa\u00f1oles m\u00e1s relevantes y con mayor proyecci\u00f3n en estos momentos.&nbsp; Recientemente ha sido el ganador a mejor productor nacional en los Vicious Music Awards. Tiene una amplia experiencia tanto en estudio como en directo, habiendo visitado las cabinas de los mejores clubs y festivales del mundo. Para el trabajo de producci\u00f3n en estudio,&nbsp; todo est\u00e1 centrado en su interfaz Apollo Twin X junto a los plugins UAD, combinando creatividad y t\u00e9cnica para lograr unos tracks que har\u00e1n bailar a miles de personas de todo el mundo.&nbsp;<\/p>\n\n\n\n<figure class=\"wp-block-embed-youtube wp-block-embed is-type-video is-provider-youtube wp-embed-aspect-16-9 wp-has-aspect-ratio\"><div class=\"wp-block-embed__wrapper\">\n<div class=\"nv-iframe-embed\"><iframe title=\"Andres Campo - S\u00f3nar 2025 - ARTE Concert\" width=\"1200\" height=\"675\" src=\"https:\/\/www.youtube.com\/embed\/DMYrTbelcCA?feature=oembed\" frameborder=\"0\" allow=\"accelerometer; autoplay; clipboard-write; encrypted-media; gyroscope; picture-in-picture; web-share\" referrerpolicy=\"strict-origin-when-cross-origin\" allowfullscreen><\/iframe><\/div>\n<\/div><\/figure>\n\n\n\n<p>Puedes seguirlo en su <a href=\"https:\/\/www.instagram.com\/andrescampo\/\" target=\"_blank\" rel=\"noreferrer noopener\">Instagram<\/a><\/p>\n\n\n\n<h2>Sobre Universal Audio<\/h2>\n\n\n\n<p>Universal Audio es una de las compa\u00f1\u00edas m\u00e1s influyentes del audio profesional, fundada en 1958 por el ingeniero <strong>Bill Putnam Sr.<\/strong>, responsable de equipos legendarios como los compresores LA-2A y 1176. Hoy combina ese legado anal\u00f3gico con tecnolog\u00eda moderna a trav\u00e9s de sus interfaces Apollo y Volt, el procesamiento de efectos DSP UAD, los micr\u00f3fonos Sphere, los pedales UAFX y el DAW <a href=\"https:\/\/www.cutoff.es\/blog\/luna-nuevo-sistema-grabacion-universal-audio\/\">Luna Pro<\/a>, ofreciendo herramientas que recrean el car\u00e1cter del hardware cl\u00e1sico y aportan nuevas posibilidades creativas para m\u00fasicos, productores y estudios que buscan la m\u00e1xima calidad sonora.<\/p>\n\n\n\n<figure class=\"wp-block-embed-youtube wp-block-embed is-type-video is-provider-youtube wp-embed-aspect-16-9 wp-has-aspect-ratio\"><div class=\"wp-block-embed__wrapper\">\n<div class=\"nv-iframe-embed\"><iframe title=\"Apollo X | Gen 2: Built for the Stars, Ready for Your Studio\" width=\"1200\" height=\"675\" src=\"https:\/\/www.youtube.com\/embed\/q8wI6Ctd91w?feature=oembed\" frameborder=\"0\" allow=\"accelerometer; autoplay; clipboard-write; encrypted-media; gyroscope; picture-in-picture; web-share\" referrerpolicy=\"strict-origin-when-cross-origin\" allowfullscreen><\/iframe><\/div>\n<\/div><\/figure>\n\n\n\n<h2>Reserva tu plaza<\/h2>\n\n\n\n<p>Para asistir al workshop es necesario que reserves tu plaza a trav\u00e9s del formulario que encontrar\u00e1s m\u00e1s abajo. El registro no garantiza la plaza. Desde Cutoff nos encargaremos de contactar contigo unos d\u00edas antes del Universal Audio Open Day para confirmar tu plaza.<\/p>\n\n\n\n<h2 class=\"has-text-align-center\"><span style=\"color:#da1d00\" class=\"has-inline-color\">&#8212; Aforo completo &#8212;<\/span><\/h2>\n\n\n\n<h2>Informaci\u00f3n sobre el Universal Audio Open Day<\/h2>\n\n\n\n<p><strong>Fecha: <\/strong>18\/12\/2025<br><strong>Horario acceso libre:<\/strong> 16:00 \u2013 18:00<br><strong>Horario workshop:<\/strong> 18:00 \u2013 20:00<br><strong>Idioma:<\/strong> Espa\u00f1ol<br><strong>Direcci\u00f3n:<\/strong> C\/ Roger de Flor 122, 08013 (Barcelona)<br><strong>Tel\u00e9fono: <\/strong>93 5323236<br><strong>E-mail:<\/strong> <a href=\"mailto:info@cutoff.es\">info@cutoff.es<\/a><br><strong>C\u00f3mo llegar:<\/strong><\/p>\n\n\n\n<iframe src=\"https:\/\/www.google.com\/maps\/embed?pb=!1m18!1m12!1m3!1d2993.0187821459895!2d2.174857276608934!3d41.39539847129883!2m3!1f0!2f0!3f0!3m2!1i1024!2i768!4f13.1!3m3!1m2!1s0x12a4987f514c2531%3A0xef98cb33efd6699f!2sCutoff%20Pro%20Audio!5e0!3m2!1ses!2sus!4v1739532939214!5m2!1ses!2sus\" width=\"600\" height=\"450\" style=\"border:0;\" allowfullscreen=\"\" loading=\"lazy\" referrerpolicy=\"no-referrer-when-downgrade\"><\/iframe>\n\n\n\n<iframe data-w-type=\"embedded\" frameborder=\"0\" scrolling=\"no\" marginheight=\"0\" marginwidth=\"0\" src=\"https:\/\/0q0j5.mjt.lu\/wgt\/0q0j5\/hju\/form?c=d7971e7d\" width=\"100%\" style=\"height: 0;\"><\/iframe>\n\n<script type=\"text\/javascript\" src=\"https:\/\/app.mailjet.com\/pas-nc-embedded-v1.js\"><\/script>\n","protected":false},"excerpt":{"rendered":"<p>El pr\u00f3ximo 18 de diciembre, de 16:00 a 20:00,&nbsp; te invitamos al Universal Audio Open Day en Cutoff. Ser\u00e1 un evento que combinar\u00e1 demostraciones, pruebas de producto y un workshop exclusivo. Durante las dos primeras horas, de acceso libre, los asistentes podr\u00e1n probar y resolver sus dudas de los productos de Universal Audio que tendremos&hellip;&nbsp;<a href=\"https:\/\/www.cutoff.es\/blog\/te-invitamos-al-universal-audio-open-day\/\" class=\"\" rel=\"bookmark\">Leer m&#225;s &raquo;<span class=\"screen-reader-text\">Te invitamos al Universal Audio Open Day<\/span><\/a><\/p>\n","protected":false},"author":4,"featured_media":12742,"comment_status":"open","ping_status":"closed","sticky":false,"template":"","format":"standard","meta":{"neve_meta_sidebar":"","neve_meta_container":"","neve_meta_enable_content_width":"","neve_meta_content_width":0,"neve_meta_title_alignment":"","neve_meta_author_avatar":"","neve_post_elements_order":"","neve_meta_disable_header":"","neve_meta_disable_footer":"","neve_meta_disable_title":""},"categories":[84],"tags":[],"yoast_head":"<!-- This site is optimized with the Yoast SEO plugin v15.1.1 - https:\/\/yoast.com\/wordpress\/plugins\/seo\/ -->\n<title>Te invitamos al Universal Audio Open Day | Cutoff Blog<\/title>\n<meta name=\"description\" content=\"El pr\u00f3ximo 18 de diciembre, de 16:00 a 20:00,&nbsp; te invitamos al Universal Audio Open Day en Cutoff. Ser\u00e1 un evento que combinar\u00e1 demostraciones,\" \/>\n<meta name=\"robots\" content=\"index, follow, max-snippet:-1, max-image-preview:large, max-video-preview:-1\" \/>\n<link rel=\"canonical\" href=\"https:\/\/www.cutoff.es\/blog\/te-invitamos-al-universal-audio-open-day\/\" \/>\n<meta property=\"og:locale\" content=\"es_ES\" \/>\n<meta property=\"og:type\" content=\"article\" \/>\n<meta property=\"og:title\" content=\"Te invitamos al Universal Audio Open Day | Cutoff Blog\" \/>\n<meta property=\"og:description\" content=\"El pr\u00f3ximo 18 de diciembre, de 16:00 a 20:00,&nbsp; te invitamos al Universal Audio Open Day en Cutoff. Ser\u00e1 un evento que combinar\u00e1 demostraciones,\" \/>\n<meta property=\"og:url\" content=\"https:\/\/www.cutoff.es\/blog\/te-invitamos-al-universal-audio-open-day\/\" \/>\n<meta property=\"og:site_name\" content=\"Cutoff Blog\" \/>\n<meta property=\"article:publisher\" content=\"https:\/\/es-es.facebook.com\/cutoffproaudio\" \/>\n<meta property=\"article:author\" content=\"https:\/\/www.facebook.com\/cutoffproaudio\" \/>\n<meta property=\"article:published_time\" content=\"2025-12-05T12:00:00+00:00\" \/>\n<meta property=\"article:modified_time\" content=\"2026-01-16T12:46:30+00:00\" \/>\n<meta property=\"og:image\" content=\"https:\/\/www.cutoff.es\/blog\/wp-content\/uploads\/2025\/12\/te-invitamos-al-universal-audio-open-day-1.jpg\" \/>\n\t<meta property=\"og:image:width\" content=\"798\" \/>\n\t<meta property=\"og:image:height\" content=\"385\" \/>\n<script type=\"application\/ld+json\" class=\"yoast-schema-graph\">{\"@context\":\"https:\/\/schema.org\",\"@graph\":[{\"@type\":\"WebSite\",\"@id\":\"https:\/\/www.cutoff.es\/blog\/#website\",\"url\":\"https:\/\/www.cutoff.es\/blog\/\",\"name\":\"Cutoff Blog\",\"description\":\"Blog de Cutoff, novedades sobre equipamiento DJ, inform\\u00e1ci\\u00f3n sobre eventos y artistas del panorama de la m\\u00fasica electr\\u00f3nica\",\"potentialAction\":[{\"@type\":\"SearchAction\",\"target\":\"https:\/\/www.cutoff.es\/blog\/?s={search_term_string}\",\"query-input\":\"required name=search_term_string\"}],\"inLanguage\":\"es\"},{\"@type\":\"ImageObject\",\"@id\":\"https:\/\/www.cutoff.es\/blog\/te-invitamos-al-universal-audio-open-day\/#primaryimage\",\"inLanguage\":\"es\",\"url\":\"https:\/\/www.cutoff.es\/blog\/wp-content\/uploads\/2025\/12\/te-invitamos-al-universal-audio-open-day-1.jpg\",\"width\":798,\"height\":385},{\"@type\":\"WebPage\",\"@id\":\"https:\/\/www.cutoff.es\/blog\/te-invitamos-al-universal-audio-open-day\/#webpage\",\"url\":\"https:\/\/www.cutoff.es\/blog\/te-invitamos-al-universal-audio-open-day\/\",\"name\":\"Te invitamos al Universal Audio Open Day | Cutoff Blog\",\"isPartOf\":{\"@id\":\"https:\/\/www.cutoff.es\/blog\/#website\"},\"primaryImageOfPage\":{\"@id\":\"https:\/\/www.cutoff.es\/blog\/te-invitamos-al-universal-audio-open-day\/#primaryimage\"},\"datePublished\":\"2025-12-05T12:00:00+00:00\",\"dateModified\":\"2026-01-16T12:46:30+00:00\",\"author\":{\"@id\":\"https:\/\/www.cutoff.es\/blog\/#\/schema\/person\/8ceb71095834bcd9d6df48f482722ce4\"},\"description\":\"El pr\\u00f3ximo 18 de diciembre, de 16:00 a 20:00,&nbsp; te invitamos al Universal Audio Open Day en Cutoff. Ser\\u00e1 un evento que combinar\\u00e1 demostraciones,\",\"inLanguage\":\"es\",\"potentialAction\":[{\"@type\":\"ReadAction\",\"target\":[\"https:\/\/www.cutoff.es\/blog\/te-invitamos-al-universal-audio-open-day\/\"]}]},{\"@type\":\"Person\",\"@id\":\"https:\/\/www.cutoff.es\/blog\/#\/schema\/person\/8ceb71095834bcd9d6df48f482722ce4\",\"name\":\"Cutoff\",\"image\":{\"@type\":\"ImageObject\",\"@id\":\"https:\/\/www.cutoff.es\/blog\/#personlogo\",\"inLanguage\":\"es\",\"url\":\"https:\/\/secure.gravatar.com\/avatar\/14840c74b35686d5739748d3a55855cd?s=96&d=mm&r=g\",\"caption\":\"Cutoff\"},\"description\":\"CUTOFF PRO AUDIO es una joven empresa que nace para dar un servicio personalizado a las necesidades del Productor Musical y\/o Deejay actual, ofreciendo asesoramiento profesional, soluciones a medida a precios competitivos, distingui\\u00e9ndonos por ofrecer un trato personalizado a nuestra clientela.\",\"sameAs\":[\"https:\/\/www.cutoff.es\",\"https:\/\/www.facebook.com\/cutoffproaudio\",\"https:\/\/www.instagram.com\/cutoffproaudio\",\"https:\/\/twitter.com\/cutoffproaudio\",\"https:\/\/www.youtube.com\/cutoffproaudio\"]}]}<\/script>\n<!-- \/ Yoast SEO plugin. -->","_links":{"self":[{"href":"https:\/\/www.cutoff.es\/blog\/wp-json\/wp\/v2\/posts\/12727"}],"collection":[{"href":"https:\/\/www.cutoff.es\/blog\/wp-json\/wp\/v2\/posts"}],"about":[{"href":"https:\/\/www.cutoff.es\/blog\/wp-json\/wp\/v2\/types\/post"}],"author":[{"embeddable":true,"href":"https:\/\/www.cutoff.es\/blog\/wp-json\/wp\/v2\/users\/4"}],"replies":[{"embeddable":true,"href":"https:\/\/www.cutoff.es\/blog\/wp-json\/wp\/v2\/comments?post=12727"}],"version-history":[{"count":20,"href":"https:\/\/www.cutoff.es\/blog\/wp-json\/wp\/v2\/posts\/12727\/revisions"}],"predecessor-version":[{"id":12831,"href":"https:\/\/www.cutoff.es\/blog\/wp-json\/wp\/v2\/posts\/12727\/revisions\/12831"}],"wp:featuredmedia":[{"embeddable":true,"href":"https:\/\/www.cutoff.es\/blog\/wp-json\/wp\/v2\/media\/12742"}],"wp:attachment":[{"href":"https:\/\/www.cutoff.es\/blog\/wp-json\/wp\/v2\/media?parent=12727"}],"wp:term":[{"taxonomy":"category","embeddable":true,"href":"https:\/\/www.cutoff.es\/blog\/wp-json\/wp\/v2\/categories?post=12727"},{"taxonomy":"post_tag","embeddable":true,"href":"https:\/\/www.cutoff.es\/blog\/wp-json\/wp\/v2\/tags?post=12727"}],"curies":[{"name":"wp","href":"https:\/\/api.w.org\/{rel}","templated":true}]}}