{"id":1170,"date":"2014-10-14T14:40:26","date_gmt":"2014-10-14T13:40:26","guid":{"rendered":"http:\/\/www.cutoff.es\/blog\/?p=1170"},"modified":"2025-08-22T08:33:12","modified_gmt":"2025-08-22T06:33:12","slug":"workshop-roland-aira-con-ableton-live","status":"publish","type":"post","link":"https:\/\/www.cutoff.es\/blog\/workshop-roland-aira-con-ableton-live\/","title":{"rendered":"Workshop: Integraci\u00f3n Roland AIRA con Ableton Live"},"content":{"rendered":"<h2>Workshop: Integraci\u00f3n de Roland AIRA con Ableton Live<\/h2>\n<p>Roland Aira se anunci\u00f3 a principios de este a\u00f1o y todo cambi\u00f3. Por fin pod\u00edamos disfrutar de las mejores recreaciones hechas hasta la fecha de m\u00e1quinas cl\u00e1sicas como la TR-808, la TR-909 o la TB-303 sin la necesidad de pagar los prohibitivos precios del mercado de segunda mano. Roland no s\u00f3lo ha emulado el sonido de esas m\u00e1quinas que sin duda han sido clave en el desarrollo de estilos como el techno, el house o el acid. Tambi\u00e9n ha imitado como el comportamiento de los circuitos en areas como la suma de se\u00f1ales cuando se introduce un acento o incluso el propio timing del secuenciador. Roland incluso ha ido un paso m\u00e1s all\u00e1 y, ya que estamos en pleno 2014, ha dotado a su serie <a href=\"http:\/\/www.cutoff.es\/buscar?search_query=AIRA&amp;controller=search&amp;orderby=name&amp;orderway=asc\" target=\"_blank\" rel=\"noopener noreferrer\">AIRA<\/a> de caracter\u00edsticas clave hoy en d\u00eda como su uso como interfaz de audio, con posibilidades de grabaci\u00f3n multicanal, automatizaci\u00f3n de todos sus par\u00e1metros desde cualquier DAW.<\/p>\n<p>Manejar en directo una <a href=\"http:\/\/www.cutoff.es\/groove-box-sampler\/5969-roland-tr-8.html\" target=\"_blank\" rel=\"noopener noreferrer\">TR-8<\/a> o una <a href=\"http:\/\/www.cutoff.es\/sintetizadores\/5971-roland-tb-3.html\" target=\"_blank\" rel=\"noopener noreferrer\">TB-3<\/a> es una aut\u00e9ntica gozada gracias a su planteamiento un control, una funci\u00f3n pero \u00bfqu\u00e9 tal a la hora de integrarlas en nuestras producciones en el estudio? En Cutoff creemos que <a href=\"http:\/\/www.cutoff.es\/secuenciadores\/4996-live-9-suite.html\" target=\"_blank\" rel=\"noopener noreferrer\">Ableton Live<\/a> y <a href=\"http:\/\/www.cutoff.es\/controladores\/4998-push.html\" target=\"_blank\" rel=\"noopener noreferrer\">Push<\/a> son los aliados perfectos para poder sacar todo el provecho de las <a href=\"http:\/\/www.cutoff.es\/buscar?search_query=AIRA&amp;controller=search&amp;orderby=name&amp;orderway=asc\" target=\"_blank\" rel=\"noopener noreferrer\">AIRA<\/a> de Roland, ofreciendo una integraci\u00f3n total con unas opciones de manipulaci\u00f3n, automatizaci\u00f3n y control que son ciencia ficci\u00f3n para los usuarios de los modelos originales.<\/p>\n<p>Te invitamos a que vengas a nuestro workshop donde explicaremos todas las posibilidades de integraci\u00f3n de Roland <a href=\"http:\/\/www.cutoff.es\/groove-box-sampler\/5969-roland-tr-8.html\" target=\"_blank\" rel=\"noopener noreferrer\">TR-8<\/a> y <a href=\"http:\/\/www.cutoff.es\/sintetizadores\/5971-roland-tb-3.html\" target=\"_blank\" rel=\"noopener noreferrer\">TB-3<\/a> con<a href=\"http:\/\/www.cutoff.es\/secuenciadores\/4996-live-9-suite.html\" target=\"_blank\" rel=\"noopener noreferrer\"> Ableton Live<\/a> y <a href=\"http:\/\/www.cutoff.es\/controladores\/4998-push.html\" target=\"_blank\" rel=\"noopener noreferrer\">Push<\/a>.<\/p>\n<p>Este workshop estar\u00e1 impartido por <a href=\"https:\/\/www.ableton.com\/es\/certified-training\/cora-novoa\/\" target=\"_blank\" rel=\"noopener noreferrer\">Cora Novoa<\/a>, Trainer certificada de Ableton\u00a0 y una de las artistas con m\u00e1s proyecci\u00f3n nacional e internacional.<\/p>\n<div class=\"nv-iframe-embed\"><iframe title=\"Workshop Integracion de Roland Aira con Ableton Live por Cora Novoa @ Cutoff \/\/ 22-10-14\" width=\"1200\" height=\"675\" src=\"https:\/\/www.youtube.com\/embed\/mUMCGAJob0Q?list=PLnFE0AjhELffUnNmPZx8-BngapwCBD_lQ\" frameborder=\"0\" allow=\"accelerometer; autoplay; clipboard-write; encrypted-media; gyroscope; picture-in-picture\" allowfullscreen><\/iframe><\/div>\n<p>&nbsp;<\/p>\n<p style=\"text-align: center;\"><strong>&#8212;&#8212;&#8212;&#8212;&#8212;&#8212;&#8212;&#8212;&#8212;&#8212;&#8212;&#8212;&#8212;&#8212;\u00a0 AFORO COMPLETO\u00a0 &#8212;&#8212;&#8212;&#8212;&#8212;&#8212;&#8212;&#8212;&#8212;&#8212;&#8212;&#8212;&#8212;&#8212;<\/strong><\/p>\n<p>&nbsp;<\/p>\n<p><strong>Informaci\u00f3n del evento:<\/strong><\/p>\n<p><strong>Fecha:<\/strong>\u00a022\/10\/2014<br \/>\n<strong>Hora:<\/strong>\u00a018.30h<br \/>\n<strong>Direcci\u00f3n:<\/strong>\u00a0C\/ Rocafort 240, Entresuelo 2, 08029 (Barcelona)<br \/>\n<strong>Tel\u00e9fono:<\/strong>\u00a093 5323236<br \/>\n<strong>E-mail:<\/strong>\u00a0info@cutoff.es<\/p>\n<p><center><code><iframe src=\"https:\/\/www.google.es\/maps?f=q&amp;source=s_q&amp;hl=es&amp;geocode=&amp;q=Carrer+de+Rocafort,+240,+Barcelona&amp;aq=0&amp;oq=Rocafort,+240.+&amp;sll=41.39479,2.148768&amp;sspn=0.316272,0.670166&amp;ie=UTF8&amp;hq=&amp;hnear=Carrer+de+Rocafort,+240,+08029+Barcelona&amp;ll=41.385921,2.14469&amp;spn=0.009885,0.020943&amp;t=m&amp;z=15&amp;iwloc=&amp;output=embed\" width=\"730\" height=\"350\" frameborder=\"0\" marginwidth=\"0\" marginheight=\"0\" scrolling=\"no\"><\/iframe><\/code><\/center>&nbsp;<\/p>\n","protected":false},"excerpt":{"rendered":"<p>Workshop: Integraci\u00f3n de Roland AIRA con Ableton Live Roland Aira se anunci\u00f3 a principios de este a\u00f1o y todo cambi\u00f3. Por fin pod\u00edamos disfrutar de las mejores recreaciones hechas hasta la fecha de m\u00e1quinas cl\u00e1sicas como la TR-808, la TR-909 o la TB-303 sin la necesidad de pagar los prohibitivos precios del mercado de segunda&hellip;&nbsp;<a href=\"https:\/\/www.cutoff.es\/blog\/workshop-roland-aira-con-ableton-live\/\" class=\"\" rel=\"bookmark\">Leer m&#225;s &raquo;<span class=\"screen-reader-text\">Workshop: Integraci\u00f3n Roland AIRA con Ableton Live<\/span><\/a><\/p>\n","protected":false},"author":4,"featured_media":1177,"comment_status":"open","ping_status":"closed","sticky":false,"template":"","format":"standard","meta":{"neve_meta_sidebar":"","neve_meta_container":"","neve_meta_enable_content_width":"","neve_meta_content_width":0,"neve_meta_title_alignment":"","neve_meta_author_avatar":"","neve_post_elements_order":"","neve_meta_disable_header":"","neve_meta_disable_footer":"","neve_meta_disable_title":""},"categories":[40,84],"tags":[41,216,217,122,42,94,218,220,219],"yoast_head":"<!-- This site is optimized with the Yoast SEO plugin v15.1.1 - https:\/\/yoast.com\/wordpress\/plugins\/seo\/ -->\n<title>Workshop: Integraci\u00f3n Roland AIRA con Ableton Live | Cutoff Blog<\/title>\n<meta name=\"description\" content=\"Workshop dedicado a mostrar como podemos integrar Roland Aira TR-8 y TB-3 en producciones de estudio con Ableton Live y Push.\" \/>\n<meta name=\"robots\" content=\"index, follow, max-snippet:-1, max-image-preview:large, max-video-preview:-1\" \/>\n<link rel=\"canonical\" href=\"https:\/\/www.cutoff.es\/blog\/workshop-roland-aira-con-ableton-live\/\" \/>\n<meta property=\"og:locale\" content=\"es_ES\" \/>\n<meta property=\"og:type\" content=\"article\" \/>\n<meta property=\"og:title\" content=\"Workshop: Integraci\u00f3n Roland AIRA con Ableton Live | Cutoff Blog\" \/>\n<meta property=\"og:description\" content=\"Workshop dedicado a mostrar como podemos integrar Roland Aira TR-8 y TB-3 en producciones de estudio con Ableton Live y Push.\" \/>\n<meta property=\"og:url\" content=\"https:\/\/www.cutoff.es\/blog\/workshop-roland-aira-con-ableton-live\/\" \/>\n<meta property=\"og:site_name\" content=\"Cutoff Blog\" \/>\n<meta property=\"article:publisher\" content=\"https:\/\/es-es.facebook.com\/cutoffproaudio\" \/>\n<meta property=\"article:author\" content=\"https:\/\/www.facebook.com\/cutoffproaudio\" \/>\n<meta property=\"article:published_time\" content=\"2014-10-14T13:40:26+00:00\" \/>\n<meta property=\"article:modified_time\" content=\"2025-08-22T06:33:12+00:00\" \/>\n<meta property=\"og:image\" content=\"https:\/\/www.cutoff.es\/blog\/wp-content\/uploads\/2014\/10\/banner_roland_push.jpg\" \/>\n\t<meta property=\"og:image:width\" content=\"621\" \/>\n\t<meta property=\"og:image:height\" content=\"301\" \/>\n<script type=\"application\/ld+json\" class=\"yoast-schema-graph\">{\"@context\":\"https:\/\/schema.org\",\"@graph\":[{\"@type\":\"WebSite\",\"@id\":\"https:\/\/www.cutoff.es\/blog\/#website\",\"url\":\"https:\/\/www.cutoff.es\/blog\/\",\"name\":\"Cutoff Blog\",\"description\":\"Blog de Cutoff, novedades sobre equipamiento DJ, inform\\u00e1ci\\u00f3n sobre eventos y artistas del panorama de la m\\u00fasica electr\\u00f3nica\",\"potentialAction\":[{\"@type\":\"SearchAction\",\"target\":\"https:\/\/www.cutoff.es\/blog\/?s={search_term_string}\",\"query-input\":\"required name=search_term_string\"}],\"inLanguage\":\"es\"},{\"@type\":\"ImageObject\",\"@id\":\"https:\/\/www.cutoff.es\/blog\/workshop-roland-aira-con-ableton-live\/#primaryimage\",\"inLanguage\":\"es\",\"url\":\"https:\/\/www.cutoff.es\/blog\/wp-content\/uploads\/2014\/10\/banner_roland_push.jpg\",\"width\":621,\"height\":301,\"caption\":\"Workshop: Integraci\\u00f3n Roland AIRA con Ableton Live\"},{\"@type\":\"WebPage\",\"@id\":\"https:\/\/www.cutoff.es\/blog\/workshop-roland-aira-con-ableton-live\/#webpage\",\"url\":\"https:\/\/www.cutoff.es\/blog\/workshop-roland-aira-con-ableton-live\/\",\"name\":\"Workshop: Integraci\\u00f3n Roland AIRA con Ableton Live | Cutoff Blog\",\"isPartOf\":{\"@id\":\"https:\/\/www.cutoff.es\/blog\/#website\"},\"primaryImageOfPage\":{\"@id\":\"https:\/\/www.cutoff.es\/blog\/workshop-roland-aira-con-ableton-live\/#primaryimage\"},\"datePublished\":\"2014-10-14T13:40:26+00:00\",\"dateModified\":\"2025-08-22T06:33:12+00:00\",\"author\":{\"@id\":\"https:\/\/www.cutoff.es\/blog\/#\/schema\/person\/8ceb71095834bcd9d6df48f482722ce4\"},\"description\":\"Workshop dedicado a mostrar como podemos integrar Roland Aira TR-8 y TB-3 en producciones de estudio con Ableton Live y Push.\",\"inLanguage\":\"es\",\"potentialAction\":[{\"@type\":\"ReadAction\",\"target\":[\"https:\/\/www.cutoff.es\/blog\/workshop-roland-aira-con-ableton-live\/\"]}]},{\"@type\":\"Person\",\"@id\":\"https:\/\/www.cutoff.es\/blog\/#\/schema\/person\/8ceb71095834bcd9d6df48f482722ce4\",\"name\":\"Cutoff\",\"image\":{\"@type\":\"ImageObject\",\"@id\":\"https:\/\/www.cutoff.es\/blog\/#personlogo\",\"inLanguage\":\"es\",\"url\":\"https:\/\/secure.gravatar.com\/avatar\/14840c74b35686d5739748d3a55855cd?s=96&d=mm&r=g\",\"caption\":\"Cutoff\"},\"description\":\"CUTOFF PRO AUDIO es una joven empresa que nace para dar un servicio personalizado a las necesidades del Productor Musical y\/o Deejay actual, ofreciendo asesoramiento profesional, soluciones a medida a precios competitivos, distingui\\u00e9ndonos por ofrecer un trato personalizado a nuestra clientela.\",\"sameAs\":[\"https:\/\/www.cutoff.es\",\"https:\/\/www.facebook.com\/cutoffproaudio\",\"https:\/\/www.instagram.com\/cutoffproaudio\",\"https:\/\/twitter.com\/cutoffproaudio\",\"https:\/\/www.youtube.com\/cutoffproaudio\"]}]}<\/script>\n<!-- \/ Yoast SEO plugin. -->","_links":{"self":[{"href":"https:\/\/www.cutoff.es\/blog\/wp-json\/wp\/v2\/posts\/1170"}],"collection":[{"href":"https:\/\/www.cutoff.es\/blog\/wp-json\/wp\/v2\/posts"}],"about":[{"href":"https:\/\/www.cutoff.es\/blog\/wp-json\/wp\/v2\/types\/post"}],"author":[{"embeddable":true,"href":"https:\/\/www.cutoff.es\/blog\/wp-json\/wp\/v2\/users\/4"}],"replies":[{"embeddable":true,"href":"https:\/\/www.cutoff.es\/blog\/wp-json\/wp\/v2\/comments?post=1170"}],"version-history":[{"count":14,"href":"https:\/\/www.cutoff.es\/blog\/wp-json\/wp\/v2\/posts\/1170\/revisions"}],"predecessor-version":[{"id":12431,"href":"https:\/\/www.cutoff.es\/blog\/wp-json\/wp\/v2\/posts\/1170\/revisions\/12431"}],"wp:featuredmedia":[{"embeddable":true,"href":"https:\/\/www.cutoff.es\/blog\/wp-json\/wp\/v2\/media\/1177"}],"wp:attachment":[{"href":"https:\/\/www.cutoff.es\/blog\/wp-json\/wp\/v2\/media?parent=1170"}],"wp:term":[{"taxonomy":"category","embeddable":true,"href":"https:\/\/www.cutoff.es\/blog\/wp-json\/wp\/v2\/categories?post=1170"},{"taxonomy":"post_tag","embeddable":true,"href":"https:\/\/www.cutoff.es\/blog\/wp-json\/wp\/v2\/tags?post=1170"}],"curies":[{"name":"wp","href":"https:\/\/api.w.org\/{rel}","templated":true}]}}