{"id":11072,"date":"2023-09-13T13:03:24","date_gmt":"2023-09-13T11:03:24","guid":{"rendered":"https:\/\/www.cutoff.es\/blog\/?p=11072"},"modified":"2023-09-14T17:11:14","modified_gmt":"2023-09-14T15:11:14","slug":"cutoff-en-modular-day-10","status":"publish","type":"post","link":"https:\/\/www.cutoff.es\/blog\/cutoff-en-modular-day-10\/","title":{"rendered":"Cutoff en Modular Day #10"},"content":{"rendered":"\n<p>Ya llega Modular Day #10, la cita anual donde reunirnos para disfrutar de las \u00faltimas novedades relacionadas con el mundo eurorack. \u00a1Ojo porque esta edici\u00f3n es especial! No se cumplen diez a\u00f1os todos los d\u00edas. Como es habitual, esta edici\u00f3n estar\u00e1 cargada de numerosas actividades como la feria tecnol\u00f3gica, donde nos podr\u00e1s encontrar como expositor junto a fabricantes de la talla de <a href=\"https:\/\/www.cutoff.es\/es\/285_erica-synths\">Erica Synths<\/a>, <a href=\"https:\/\/www.cutoff.es\/es\/394_endorphines\">Endorphin.es<\/a> o <a href=\"https:\/\/www.cutoff.es\/es\/412_vostok-instruments\">Vostok Instruments<\/a>, por nombrar unos pocos. Tambi\u00e9n tendr\u00e1n lugar numerosas presentaciones de productos y workshops.<\/p>\n\n\n\n<h2>Novedades en nuestro stand<\/h2>\n\n\n\n<p>Este a\u00f1o presentaremos las \u00faltimas novedades en m\u00f3dulos eurorack que hemos ido recibiendo en el \u00faltimo a\u00f1o como por ejemplo Aloysius, uno de los \u00faltimos m\u00f3dulos de la serie anal\u00f3gica de Expert Sleepers, el nuevo mezclador est\u00e9reo <a href=\"\/es\/modulos-eurorack\/11938-xaoc-devices-ostrawa.html\">Ostrawa<\/a> de Xaoc Devices o la fuente de modulaci\u00f3n <a href=\"\/es\/modulos-eurorack\/11895-instruo-tagh.html\">T\u00e1gh<\/a> de Instruo, por nombrar unos pocos.<\/p>\n\n\n\n<p>Al igual que el a\u00f1o pasado os mostramos las soluciones de alimentaci\u00f3n de MyVolts, este a\u00f1o podr\u00e1s comprobar lo \u00fatiles que son los nuevos cables de patch con iluminaci\u00f3n LED <a href=\"https:\/\/www.cutoff.es\/es\/390_myvolts\">Candycord Halo<\/a>. Tambi\u00e9n tendremos en nuestro stand las nuevas cases modulares de <a href=\"https:\/\/www.cutoff.es\/es\/410_sinusoda\">Sinusoda<\/a>. \u00a1Seguro que no te dejan indiferente!<\/p>\n\n\n\n<figure class=\"wp-block-embed-youtube wp-block-embed is-type-video is-provider-youtube wp-embed-aspect-16-9 wp-has-aspect-ratio\"><div class=\"wp-block-embed__wrapper\">\n<div class=\"nv-iframe-embed\"><iframe title=\"Candycord Halo - light up patch cable developed with Andrew Huang\" width=\"1200\" height=\"675\" src=\"https:\/\/www.youtube.com\/embed\/wfH1FcvHuKw?feature=oembed\" frameborder=\"0\" allow=\"accelerometer; autoplay; clipboard-write; encrypted-media; gyroscope; picture-in-picture; web-share\" allowfullscreen><\/iframe><\/div>\n<\/div><\/figure>\n\n\n\n<h2>Actuaciones<\/h2>\n\n\n\n<p>Otro de los platos fuertes en Modular Day #10 ser\u00e1n las actuaciones. Este a\u00f1o, fieles a la tradici\u00f3n, seguro que no defraudan, con conciertos que cubren desde las tendencias m\u00e1s experimentales y vanguardistas hasta los sonidos m\u00e1s enfocados a la pista. Porque s\u00ed, el mundo eurorack puede cubrir estos espacios y mucho m\u00e1s. De las actuaciones preparadas para esta edici\u00f3n, nos quedamos con propuestas de proximidad como son <a href=\"https:\/\/www.instagram.com\/espinoza_drone\" target=\"_blank\" rel=\"noreferrer noopener\">Espinoza Espinoza<\/a> o el incombustible e incondicional <a href=\"https:\/\/ralp.bandcamp.com\/\" target=\"_blank\" rel=\"noreferrer noopener\">Ralp<\/a>, este \u00faltimo enmarcado en las actuaciones de la noche.<\/p>\n\n\n\n<p>Puedes encontrar m\u00e1s informaci\u00f3n sobre todas las actividades que tendr\u00e1n lugar durante esta edici\u00f3n de Modular Day en su <a href=\"https:\/\/modulardaybarcelona.org\/\" target=\"_blank\" rel=\"noreferrer noopener\">p\u00e1gina web<\/a>.<\/p>\n\n\n\n<h2>C\u00f3mo llegar<\/h2>\n\n\n\n<iframe src=\"https:\/\/www.google.com\/maps\/embed?pb=!1m19!1m8!1m3!1d23939.329762583187!2d2.1996743!3d41.4084827!3m2!1i1024!2i768!4f13.1!4m8!3e6!4m0!4m5!1s0x12a4a3399bc5012b%3A0xfc8902c18a2b1f52!2sHangar.org%20Carrer%20Emilia%20Coranty%2C%2016%2008018%20Barcelona!3m2!1d41.4084827!2d2.1996743!5e0!3m2!1ses!2ses!4v1663151477920!5m2!1ses!2ses\" width=\"600\" height=\"450\" style=\"border:0;\" allowfullscreen=\"\" loading=\"lazy\" referrerpolicy=\"no-referrer-when-downgrade\"><\/iframe>\n\n\n\n<iframe data-w-type=\"embedded\" frameborder=\"0\" scrolling=\"no\" marginheight=\"0\" marginwidth=\"0\" src=\"https:\/\/0q0j5.mjt.lu\/wgt\/0q0j5\/hju\/form?c=d7971e7d\" width=\"100%\" style=\"height: 0;\"><\/iframe>\n\n<script type=\"text\/javascript\" src=\"https:\/\/app.mailjet.com\/pas-nc-embedded-v1.js\"><\/script>\n","protected":false},"excerpt":{"rendered":"<p>Ya llega Modular Day #10, la cita anual donde reunirnos para disfrutar de las \u00faltimas novedades relacionadas con el mundo eurorack. \u00a1Ojo porque esta edici\u00f3n es especial! No se cumplen diez a\u00f1os todos los d\u00edas. Como es habitual, esta edici\u00f3n estar\u00e1 cargada de numerosas actividades como la feria tecnol\u00f3gica, donde nos podr\u00e1s encontrar como expositor&hellip;&nbsp;<a href=\"https:\/\/www.cutoff.es\/blog\/cutoff-en-modular-day-10\/\" class=\"\" rel=\"bookmark\">Leer m&#225;s &raquo;<span class=\"screen-reader-text\">Cutoff en Modular Day #10<\/span><\/a><\/p>\n","protected":false},"author":4,"featured_media":11075,"comment_status":"open","ping_status":"closed","sticky":false,"template":"","format":"standard","meta":{"neve_meta_sidebar":"","neve_meta_container":"","neve_meta_enable_content_width":"","neve_meta_content_width":0,"neve_meta_title_alignment":"","neve_meta_author_avatar":"","neve_post_elements_order":"","neve_meta_disable_header":"","neve_meta_disable_footer":"","neve_meta_disable_title":""},"categories":[84],"tags":[1057,1056,490,716,1055,1058],"yoast_head":"<!-- This site is optimized with the Yoast SEO plugin v15.1.1 - https:\/\/yoast.com\/wordpress\/plugins\/seo\/ -->\n<title>Cutoff en Modular Day #10 | Cutoff Blog<\/title>\n<meta name=\"description\" content=\"Ya llega Modular Day #10, la cita anual donde reunirnos para disfrutar de las \u00faltimas novedades relacionadas con el mundo eurorack. \u00a1Ojo porque esta\" \/>\n<meta name=\"robots\" content=\"index, follow, max-snippet:-1, max-image-preview:large, max-video-preview:-1\" \/>\n<link rel=\"canonical\" href=\"https:\/\/www.cutoff.es\/blog\/cutoff-en-modular-day-10\/\" \/>\n<meta property=\"og:locale\" content=\"es_ES\" \/>\n<meta property=\"og:type\" content=\"article\" \/>\n<meta property=\"og:title\" content=\"Cutoff en Modular Day #10 | Cutoff Blog\" \/>\n<meta property=\"og:description\" content=\"Ya llega Modular Day #10, la cita anual donde reunirnos para disfrutar de las \u00faltimas novedades relacionadas con el mundo eurorack. \u00a1Ojo porque esta\" \/>\n<meta property=\"og:url\" content=\"https:\/\/www.cutoff.es\/blog\/cutoff-en-modular-day-10\/\" \/>\n<meta property=\"og:site_name\" content=\"Cutoff Blog\" \/>\n<meta property=\"article:publisher\" content=\"https:\/\/es-es.facebook.com\/cutoffproaudio\" \/>\n<meta property=\"article:author\" content=\"https:\/\/www.facebook.com\/cutoffproaudio\" \/>\n<meta property=\"article:published_time\" content=\"2023-09-13T11:03:24+00:00\" \/>\n<meta property=\"article:modified_time\" content=\"2023-09-14T15:11:14+00:00\" \/>\n<meta property=\"og:image\" content=\"https:\/\/www.cutoff.es\/blog\/wp-content\/uploads\/2023\/09\/cutoff-en-modular-day-10.jpg\" \/>\n\t<meta property=\"og:image:width\" content=\"798\" \/>\n\t<meta property=\"og:image:height\" content=\"385\" \/>\n<script type=\"application\/ld+json\" class=\"yoast-schema-graph\">{\"@context\":\"https:\/\/schema.org\",\"@graph\":[{\"@type\":\"WebSite\",\"@id\":\"https:\/\/www.cutoff.es\/blog\/#website\",\"url\":\"https:\/\/www.cutoff.es\/blog\/\",\"name\":\"Cutoff Blog\",\"description\":\"Blog de Cutoff, novedades sobre equipamiento DJ, inform\\u00e1ci\\u00f3n sobre eventos y artistas del panorama de la m\\u00fasica electr\\u00f3nica\",\"potentialAction\":[{\"@type\":\"SearchAction\",\"target\":\"https:\/\/www.cutoff.es\/blog\/?s={search_term_string}\",\"query-input\":\"required name=search_term_string\"}],\"inLanguage\":\"es\"},{\"@type\":\"ImageObject\",\"@id\":\"https:\/\/www.cutoff.es\/blog\/cutoff-en-modular-day-10\/#primaryimage\",\"inLanguage\":\"es\",\"url\":\"https:\/\/www.cutoff.es\/blog\/wp-content\/uploads\/2023\/09\/cutoff-en-modular-day-10.jpg\",\"width\":798,\"height\":385},{\"@type\":\"WebPage\",\"@id\":\"https:\/\/www.cutoff.es\/blog\/cutoff-en-modular-day-10\/#webpage\",\"url\":\"https:\/\/www.cutoff.es\/blog\/cutoff-en-modular-day-10\/\",\"name\":\"Cutoff en Modular Day #10 | Cutoff Blog\",\"isPartOf\":{\"@id\":\"https:\/\/www.cutoff.es\/blog\/#website\"},\"primaryImageOfPage\":{\"@id\":\"https:\/\/www.cutoff.es\/blog\/cutoff-en-modular-day-10\/#primaryimage\"},\"datePublished\":\"2023-09-13T11:03:24+00:00\",\"dateModified\":\"2023-09-14T15:11:14+00:00\",\"author\":{\"@id\":\"https:\/\/www.cutoff.es\/blog\/#\/schema\/person\/8ceb71095834bcd9d6df48f482722ce4\"},\"description\":\"Ya llega Modular Day #10, la cita anual donde reunirnos para disfrutar de las \\u00faltimas novedades relacionadas con el mundo eurorack. \\u00a1Ojo porque esta\",\"inLanguage\":\"es\",\"potentialAction\":[{\"@type\":\"ReadAction\",\"target\":[\"https:\/\/www.cutoff.es\/blog\/cutoff-en-modular-day-10\/\"]}]},{\"@type\":\"Person\",\"@id\":\"https:\/\/www.cutoff.es\/blog\/#\/schema\/person\/8ceb71095834bcd9d6df48f482722ce4\",\"name\":\"Cutoff\",\"image\":{\"@type\":\"ImageObject\",\"@id\":\"https:\/\/www.cutoff.es\/blog\/#personlogo\",\"inLanguage\":\"es\",\"url\":\"https:\/\/secure.gravatar.com\/avatar\/14840c74b35686d5739748d3a55855cd?s=96&d=mm&r=g\",\"caption\":\"Cutoff\"},\"description\":\"CUTOFF PRO AUDIO es una joven empresa que nace para dar un servicio personalizado a las necesidades del Productor Musical y\/o Deejay actual, ofreciendo asesoramiento profesional, soluciones a medida a precios competitivos, distingui\\u00e9ndonos por ofrecer un trato personalizado a nuestra clientela.\",\"sameAs\":[\"https:\/\/www.cutoff.es\",\"https:\/\/www.facebook.com\/cutoffproaudio\",\"https:\/\/www.instagram.com\/cutoffproaudio\",\"https:\/\/twitter.com\/cutoffproaudio\",\"https:\/\/www.youtube.com\/cutoffproaudio\"]}]}<\/script>\n<!-- \/ Yoast SEO plugin. -->","_links":{"self":[{"href":"https:\/\/www.cutoff.es\/blog\/wp-json\/wp\/v2\/posts\/11072"}],"collection":[{"href":"https:\/\/www.cutoff.es\/blog\/wp-json\/wp\/v2\/posts"}],"about":[{"href":"https:\/\/www.cutoff.es\/blog\/wp-json\/wp\/v2\/types\/post"}],"author":[{"embeddable":true,"href":"https:\/\/www.cutoff.es\/blog\/wp-json\/wp\/v2\/users\/4"}],"replies":[{"embeddable":true,"href":"https:\/\/www.cutoff.es\/blog\/wp-json\/wp\/v2\/comments?post=11072"}],"version-history":[{"count":3,"href":"https:\/\/www.cutoff.es\/blog\/wp-json\/wp\/v2\/posts\/11072\/revisions"}],"predecessor-version":[{"id":11077,"href":"https:\/\/www.cutoff.es\/blog\/wp-json\/wp\/v2\/posts\/11072\/revisions\/11077"}],"wp:featuredmedia":[{"embeddable":true,"href":"https:\/\/www.cutoff.es\/blog\/wp-json\/wp\/v2\/media\/11075"}],"wp:attachment":[{"href":"https:\/\/www.cutoff.es\/blog\/wp-json\/wp\/v2\/media?parent=11072"}],"wp:term":[{"taxonomy":"category","embeddable":true,"href":"https:\/\/www.cutoff.es\/blog\/wp-json\/wp\/v2\/categories?post=11072"},{"taxonomy":"post_tag","embeddable":true,"href":"https:\/\/www.cutoff.es\/blog\/wp-json\/wp\/v2\/tags?post=11072"}],"curies":[{"name":"wp","href":"https:\/\/api.w.org\/{rel}","templated":true}]}}