{"id":10870,"date":"2023-05-11T12:00:20","date_gmt":"2023-05-11T10:00:20","guid":{"rendered":"https:\/\/www.cutoff.es\/blog\/?p=10870"},"modified":"2023-06-26T17:11:16","modified_gmt":"2023-06-26T15:11:16","slug":"superbooth-23","status":"publish","type":"post","link":"https:\/\/www.cutoff.es\/blog\/superbooth-23\/","title":{"rendered":"Superbooth 23"},"content":{"rendered":"\n<p>Vuelve un a\u00f1o m\u00e1s en toda su plenitud y con las energ\u00edas renovadas la feria Superbooth 23 de Berl\u00edn, y no podemos estar m\u00e1s content@s con todas las novedades que ya se han presentado y todas las que seguro se van a presentar. Te contamos en este art\u00edculo las que m\u00e1s nos han gustado y obviamente m\u00e1s se ajustan a nuestro cat\u00e1logo.<\/p>\n\n\n\n<h2>Las novedades<\/h2>\n\n\n\n<p>Como vamos a asistir a esta edici\u00f3n Superbooth 23, te contaremos de primera mano las novedades y productos m\u00e1s interesantes que vayamos viendo. \u00bfEst\u00e1s preparad@?<\/p>\n\n\n\n<p>Justo hace algunas horas, muchos fabricantes han querido dar ya el pistoletazo de salida y presentar nuevos productos que podremos probar y escuchar en la feria para daros un feedback lo m\u00e1s detallado posible.<\/p>\n\n\n\n<h2>Korg microKorg Crystal SE<\/h2>\n\n\n\n<p>Una de las primeras novedades en aparecer antes del inicio de Superbooth 23 ha sido el nuevo microKorg Crystal SE, una edici\u00f3n especial y limitada aprovechando el 20 aniversario del cl\u00e1sico sintetizador microKorg. Este nuevo modelo cuenta con un dise\u00f1o semi-transparente de lo m\u00e1s vistoso y bonito que permite ver los componentes electr\u00f3nicos internos. Adem\u00e1s, incluye una funda de transporte espec\u00edfica hecha de vinilo transparente.<\/p>\n\n\n\n<div class=\"wp-block-image\"><figure class=\"aligncenter size-large\"><img loading=\"lazy\" width=\"1024\" height=\"535\" src=\"https:\/\/www.cutoff.es\/blog\/wp-content\/uploads\/2023\/05\/Korg-microKorg-Crystal-1024x535.jpg\" alt=\"\" class=\"wp-image-10881\" srcset=\"https:\/\/www.cutoff.es\/blog\/wp-content\/uploads\/2023\/05\/Korg-microKorg-Crystal-1024x535.jpg 1024w, https:\/\/www.cutoff.es\/blog\/wp-content\/uploads\/2023\/05\/Korg-microKorg-Crystal-300x157.jpg 300w, https:\/\/www.cutoff.es\/blog\/wp-content\/uploads\/2023\/05\/Korg-microKorg-Crystal-768x401.jpg 768w, https:\/\/www.cutoff.es\/blog\/wp-content\/uploads\/2023\/05\/Korg-microKorg-Crystal.jpg 1200w\" sizes=\"(max-width: 1024px) 100vw, 1024px\" \/><\/figure><\/div>\n\n\n\n<h2>Elektron Analog Heat +FX<\/h2>\n\n\n\n<p>Aunque Elektron no ha parado de sacar novedades en forma de actualizaciones de firmware, hac\u00eda un a\u00f1o (desde el lanzamiento de Syntakt) que no presentaba producto, y Analog Heat +FX es sin duda un producto que muchas personas amantes de los productos del fabricante sueco esperaban de alguna forma. <\/p>\n\n\n\n<div class=\"wp-block-image\"><figure class=\"aligncenter size-large\"><img loading=\"lazy\" width=\"1024\" height=\"535\" src=\"https:\/\/www.cutoff.es\/blog\/wp-content\/uploads\/2023\/05\/Elektron-Analog-Heat-FX-Linkedin-1024x535.jpg\" alt=\"\" class=\"wp-image-10884\" srcset=\"https:\/\/www.cutoff.es\/blog\/wp-content\/uploads\/2023\/05\/Elektron-Analog-Heat-FX-Linkedin-1024x535.jpg 1024w, https:\/\/www.cutoff.es\/blog\/wp-content\/uploads\/2023\/05\/Elektron-Analog-Heat-FX-Linkedin-300x157.jpg 300w, https:\/\/www.cutoff.es\/blog\/wp-content\/uploads\/2023\/05\/Elektron-Analog-Heat-FX-Linkedin-768x401.jpg 768w, https:\/\/www.cutoff.es\/blog\/wp-content\/uploads\/2023\/05\/Elektron-Analog-Heat-FX-Linkedin.jpg 1200w\" sizes=\"(max-width: 1024px) 100vw, 1024px\" \/><\/figure><\/div>\n\n\n\n<p> El <a href=\"https:\/\/www.cutoff.es\/pedales-de-efectos\/11913-elektron-analog-heat-fx.html\">Analog Heat +FX<\/a> de Elektron est\u00e1 basado en el procesador anal\u00f3gico est\u00e9reo de distorsi\u00f3n <a href=\"https:\/\/www.cutoff.es\/pedales-de-efectos\/8374-elektron-analog-heat-mkii.html\">Analog Heat MKII<\/a>, pero lo han vitaminado con m\u00faltiples efectos digitales como Reverb, Delay, Chorus Warble, Compresor y un Bass Focus, entre otros. <\/p>\n\n\n\n<p>Adem\u00e1s de muchas otras opciones de modulaci\u00f3n, cuenta con la funci\u00f3n <strong>Flow<\/strong> que nos permite reordenar los efectos en una cadena, para experimentar y buscar nuestro flujo de se\u00f1al y darle nuestro toque personal, a\u00f1adiendo profundidad, dimension, complejidad y color a nuestra m\u00fasica. Tambi\u00e9n podremos guardar esta cadena en cualquier de las 512 ranuras para presets.<\/p>\n\n\n\n<p>Puedes ver el nuevo Analog Heat +FX en acci\u00f3n el siguiente v\u00eddeo:<\/p>\n\n\n\n<figure class=\"wp-block-embed-youtube wp-block-embed is-type-video is-provider-youtube wp-embed-aspect-16-9 wp-has-aspect-ratio\"><div class=\"wp-block-embed__wrapper\">\n<div class=\"nv-iframe-embed\"><iframe title=\"Analog Heat +FX \u2014 At A Glance\" width=\"1200\" height=\"675\" src=\"https:\/\/www.youtube.com\/embed\/3Ja8SvxIsIo?feature=oembed\" frameborder=\"0\" allow=\"accelerometer; autoplay; clipboard-write; encrypted-media; gyroscope; picture-in-picture; web-share\" allowfullscreen><\/iframe><\/div>\n<\/div><\/figure>\n\n\n\n<h2>Teenage Engineering TP\u20137 Field Recorder<\/h2>\n\n\n\n<p>La familia Field de Teenage Engineering sigue creciendo con su nuevo integrante, el grabador <a href=\"https:\/\/www.cutoff.es\/grabadores-portatiles\/11832-teenage-engineering-tp7-field-recorder.html\">TP-7 Field Recorder<\/a> que presenta un dise\u00f1o ultra compacto de mismas dimensiones que el TX-6 Field Mixer. TP-7 Field Recorder no es un grabador convencional, como no pod\u00eda ser de otra forma viniendo de una empresa como la sueca <a href=\"https:\/\/www.cutoff.es\/254_teenage-engineering\">Teenage Engineering<\/a>. <\/p>\n\n\n\n<p>TP-7 Field Recorder cuenta con micro y altavoz integrados, m\u00faltiples entradas de audio en minijack TRS, almacenamiento interno de 128GB y una autonom\u00eda con bater\u00eda de hasta 7 horas.<\/p>\n\n\n\n<p>Adem\u00e1s, se sirve con una incre\u00edble app para iOS que permite transcribir voz a texto al instante.<\/p>\n\n\n\n<p>Todo ello con el tama\u00f1o de la palma de nuestra mano.<\/p>\n\n\n\n<div class=\"wp-block-image\"><figure class=\"aligncenter size-large\"><img loading=\"lazy\" width=\"1024\" height=\"535\" src=\"https:\/\/www.cutoff.es\/blog\/wp-content\/uploads\/2023\/05\/TP-7-Linkedin-1024x535.jpg\" alt=\"\" class=\"wp-image-10894\" srcset=\"https:\/\/www.cutoff.es\/blog\/wp-content\/uploads\/2023\/05\/TP-7-Linkedin-1024x535.jpg 1024w, https:\/\/www.cutoff.es\/blog\/wp-content\/uploads\/2023\/05\/TP-7-Linkedin-300x157.jpg 300w, https:\/\/www.cutoff.es\/blog\/wp-content\/uploads\/2023\/05\/TP-7-Linkedin-768x401.jpg 768w, https:\/\/www.cutoff.es\/blog\/wp-content\/uploads\/2023\/05\/TP-7-Linkedin.jpg 1200w\" sizes=\"(max-width: 1024px) 100vw, 1024px\" \/><\/figure><\/div>\n\n\n\n<h2>Arturia MicroFreak Stellar<\/h2>\n\n\n\n<p>Aprovechando el lanzamiento del nuevo firmware 5.0 para el sintetizador MicroFreak de Arturia que te contamos en <a href=\"https:\/\/www.cutoff.es\/blog\/nuevo-firmware-5-0-para-arturia-microfreak\/\">esta not\u00edcia<\/a>, Arturia present\u00f3 <a href=\"https:\/\/www.cutoff.es\/sintetizadores\/11920-arturia-microfreak-stellar.html\">MicroFreak Stellar<\/a>, una edici\u00f3n limitada en color gris oscuro que presenta una serigraf\u00eda que coge como inspiraci\u00f3n el mundo espacial.<\/p>\n\n\n\n<div class=\"wp-block-image\"><figure class=\"aligncenter size-large\"><img loading=\"lazy\" width=\"1024\" height=\"576\" src=\"https:\/\/www.cutoff.es\/blog\/wp-content\/uploads\/2023\/05\/Arturia-MicroFreak-Stellar-1024x576.jpeg\" alt=\"\" class=\"wp-image-10899\" srcset=\"https:\/\/www.cutoff.es\/blog\/wp-content\/uploads\/2023\/05\/Arturia-MicroFreak-Stellar-1024x576.jpeg 1024w, https:\/\/www.cutoff.es\/blog\/wp-content\/uploads\/2023\/05\/Arturia-MicroFreak-Stellar-300x169.jpeg 300w, https:\/\/www.cutoff.es\/blog\/wp-content\/uploads\/2023\/05\/Arturia-MicroFreak-Stellar-768x432.jpeg 768w, https:\/\/www.cutoff.es\/blog\/wp-content\/uploads\/2023\/05\/Arturia-MicroFreak-Stellar.jpeg 1280w\" sizes=\"(max-width: 1024px) 100vw, 1024px\" \/><\/figure><\/div>\n\n\n\n<p>Puedes ver el nuevo MicroFreak Stellar de Arturia en el siguiente v\u00eddeo:<\/p>\n\n\n\n<figure class=\"wp-block-embed-youtube wp-block-embed is-type-video is-provider-youtube wp-embed-aspect-16-9 wp-has-aspect-ratio\"><div class=\"wp-block-embed__wrapper\">\n<div class=\"nv-iframe-embed\"><iframe title=\"MicroFreak Stellar Limited Edition | Interplanetary synth explorer | ARTURIA\" width=\"1200\" height=\"675\" src=\"https:\/\/www.youtube.com\/embed\/cE4xXawbUYA?feature=oembed\" frameborder=\"0\" allow=\"accelerometer; autoplay; clipboard-write; encrypted-media; gyroscope; picture-in-picture; web-share\" allowfullscreen><\/iframe><\/div>\n<\/div><\/figure>\n\n\n\n<h2>Roland Aira Compact S-1 Tweak Synth<\/h2>\n\n\n\n<p>Roland tambi\u00e9n es otra de las marcas que ha decidido ampliar una de sus gamas como es Aira Compact. El <a href=\"https:\/\/www.cutoff.es\/sintetizadores\/11903-roland-aira-compact-s-1.html\">S-1 Tweak Synth<\/a>, un sintetizador inspirado en el legendario <strong>Roland SH-101<\/strong> que mantiene el dise\u00f1o port\u00e1til de la serie Aira Compact y que cuenta tambi\u00e9n con la tecnolog\u00eda ACB para replicar hasta el m\u00ednimo detalle del sinte original SH-101, incluso d\u00e1ndole una vuelta de tuerca.<\/p>\n\n\n\n<div class=\"wp-block-image\"><figure class=\"aligncenter size-large\"><img loading=\"lazy\" width=\"1024\" height=\"535\" src=\"https:\/\/www.cutoff.es\/blog\/wp-content\/uploads\/2023\/05\/Roland-Aira-Compact-S-1-Tweak-Synth--1024x535.jpg\" alt=\"\" class=\"wp-image-10915\" srcset=\"https:\/\/www.cutoff.es\/blog\/wp-content\/uploads\/2023\/05\/Roland-Aira-Compact-S-1-Tweak-Synth--1024x535.jpg 1024w, https:\/\/www.cutoff.es\/blog\/wp-content\/uploads\/2023\/05\/Roland-Aira-Compact-S-1-Tweak-Synth--300x157.jpg 300w, https:\/\/www.cutoff.es\/blog\/wp-content\/uploads\/2023\/05\/Roland-Aira-Compact-S-1-Tweak-Synth--768x401.jpg 768w, https:\/\/www.cutoff.es\/blog\/wp-content\/uploads\/2023\/05\/Roland-Aira-Compact-S-1-Tweak-Synth-.jpg 1200w\" sizes=\"(max-width: 1024px) 100vw, 1024px\" \/><\/figure><\/div>\n\n\n\n<figure class=\"wp-block-embed-youtube wp-block-embed is-type-video is-provider-youtube wp-embed-aspect-16-9 wp-has-aspect-ratio\"><div class=\"wp-block-embed__wrapper\">\n<div class=\"nv-iframe-embed\"><iframe title=\"Introducing Roland AIRA Compact S-1 Tweak Synth\" width=\"1200\" height=\"675\" src=\"https:\/\/www.youtube.com\/embed\/9SNBbD4XP7Y?feature=oembed\" frameborder=\"0\" allow=\"accelerometer; autoplay; clipboard-write; encrypted-media; gyroscope; picture-in-picture; web-share\" allowfullscreen><\/iframe><\/div>\n<\/div><\/figure>\n\n\n\n<h2>Oberheim OB-X8 Desktop<\/h2>\n\n\n\n<p><a href=\"https:\/\/www.cutoff.es\/sintetizadores\/11924-oberheim-ob-x8-desktop.html\">OB-X8&nbsp;Desktop<\/a>&nbsp;de&nbsp;Oberheim&nbsp;es la nueva versi\u00f3n del m\u00edtico sintetizador OB-8 de 1983 en formato m\u00f3dulo de sobremesa. Polifon\u00eda de 8 voces y&nbsp;ruta de se\u00f1al audio 100% anal\u00f3gica. El equipo de Oberheim parece que ha analizado y ha dise\u00f1ado exhaustivamente las complejas interacciones entre los distintos componentes de cada sintetizador de la serie OB para as\u00ed capturar sus matices y su car\u00e1cter \u00fanico.<\/p>\n\n\n\n<div class=\"wp-block-image\"><figure class=\"aligncenter size-large\"><img loading=\"lazy\" width=\"1024\" height=\"683\" src=\"https:\/\/www.cutoff.es\/blog\/wp-content\/uploads\/2023\/05\/Oberheim-OB-X8-Desktop-1024x683.jpg\" alt=\"\" class=\"wp-image-10924\" srcset=\"https:\/\/www.cutoff.es\/blog\/wp-content\/uploads\/2023\/05\/Oberheim-OB-X8-Desktop-1024x683.jpg 1024w, https:\/\/www.cutoff.es\/blog\/wp-content\/uploads\/2023\/05\/Oberheim-OB-X8-Desktop-300x200.jpg 300w, https:\/\/www.cutoff.es\/blog\/wp-content\/uploads\/2023\/05\/Oberheim-OB-X8-Desktop-768x512.jpg 768w, https:\/\/www.cutoff.es\/blog\/wp-content\/uploads\/2023\/05\/Oberheim-OB-X8-Desktop-930x620.jpg 930w, https:\/\/www.cutoff.es\/blog\/wp-content\/uploads\/2023\/05\/Oberheim-OB-X8-Desktop.jpg 1536w\" sizes=\"(max-width: 1024px) 100vw, 1024px\" \/><\/figure><\/div>\n\n\n\n<h2>UDO Audio Super Gemini<\/h2>\n\n\n\n<p><strong>Super Gemini<\/strong> es lo nuevo de <a href=\"https:\/\/www.cutoff.es\/378_udo-audio\">UDO Audio<\/a>, un sintetizador bi-t\u00edmbrico de 20 voces que cuenta con 61 teclas y aftertouch polif\u00f3nico. De la misma forma que Super 6 tiene un dise\u00f1o h\u00edbrido con osciladores FPGA y una ruta de se\u00f1al pasado por componentes anal\u00f3gicos para ese car\u00e1cter y color que tanto nos gusta. Pronto conoceremos m\u00e1s detalles.<\/p>\n\n\n\n<figure class=\"wp-block-embed-youtube wp-block-embed is-type-video is-provider-youtube wp-embed-aspect-16-9 wp-has-aspect-ratio\"><div class=\"wp-block-embed__wrapper\">\n<div class=\"nv-iframe-embed\"><iframe title=\"Superbooth 2023: UDO Super Gemini First Look\" width=\"1200\" height=\"675\" src=\"https:\/\/www.youtube.com\/embed\/PWdWtUYeC4A?feature=oembed\" frameborder=\"0\" allow=\"accelerometer; autoplay; clipboard-write; encrypted-media; gyroscope; picture-in-picture; web-share\" allowfullscreen><\/iframe><\/div>\n<\/div><\/figure>\n\n\n\n<h2>Erica Synths<\/h2>\n\n\n\n<p>Uno de nuestras marcas favoritas de nuestro cat\u00e1logo Eurorack, ha presentado <strong>Steampipe<\/strong>, un aut\u00e9ntico sintetizador de modelado f\u00edsico desarrollado en colaboraci\u00f3n con la empresa holandesa 112.dB. Como particularidad, <strong>Steampipe<\/strong> no cuenta con osciladores tradicionales. En su lugar imita la forma en que se crea el sonido en los instrumentos de viento y est\u00e1 afinado para crear una amplia gama sonora.<\/p>\n\n\n\n<p><a href=\"https:\/\/www.cutoff.es\/285_erica-synths\">Erica Synths<\/a> tambi\u00e9n ha presentado nuevas m\u00f3dulos de su serie Black como son <strong>Black Stereo Delay 2<\/strong>, <strong>Black DJ VCF,<\/strong> y <strong>Black Stereo Reverb<\/strong>.<\/p>\n\n\n\n<p>Pronto os daremos m\u00e1s detalles. Por ahora os dejamos con estos v\u00eddeos:<\/p>\n\n\n\n<figure class=\"wp-block-embed-youtube wp-block-embed is-type-video is-provider-youtube wp-embed-aspect-16-9 wp-has-aspect-ratio\"><div class=\"wp-block-embed__wrapper\">\n<div class=\"nv-iframe-embed\"><iframe title=\"Superbooth 2023: Erica Synths - Black Stereo Delay 2 - Black DJ VCF - Black Stereo Reverb\" width=\"1200\" height=\"675\" src=\"https:\/\/www.youtube.com\/embed\/ZieHjNVzZbw?feature=oembed\" frameborder=\"0\" allow=\"accelerometer; autoplay; clipboard-write; encrypted-media; gyroscope; picture-in-picture; web-share\" allowfullscreen><\/iframe><\/div>\n<\/div><\/figure>\n\n\n\n<figure class=\"wp-block-embed-youtube wp-block-embed is-type-video is-provider-youtube wp-embed-aspect-16-9 wp-has-aspect-ratio\"><div class=\"wp-block-embed__wrapper\">\n<div class=\"nv-iframe-embed\"><iframe title=\"Superbooth 2023: Erica Synths - Steampipe\" width=\"1200\" height=\"675\" src=\"https:\/\/www.youtube.com\/embed\/AvOwRjmwRxc?feature=oembed\" frameborder=\"0\" allow=\"accelerometer; autoplay; clipboard-write; encrypted-media; gyroscope; picture-in-picture; web-share\" allowfullscreen><\/iframe><\/div>\n<\/div><\/figure>\n\n\n\n<h2>Befaco<\/h2>\n\n\n\n<p>Adem\u00e1s de la reciente presentaci\u00f3n de su nuevo case eurorack 7U Case <strong>Befaco<\/strong> tambi\u00e9n ha presentado un nuevo m\u00f3dulo en Superbooth 23. Se trata de <strong>FXBoy<\/strong>, un m\u00f3dulo eurorack multi-efectos al que se le podr\u00e1n conectar cartuchos de diferentes fabricantes y cambiar as\u00ed los efectos al vuelo.<\/p>\n\n\n\n<figure class=\"wp-block-embed-youtube wp-block-embed is-type-video is-provider-youtube wp-embed-aspect-16-9 wp-has-aspect-ratio\"><div class=\"wp-block-embed__wrapper\">\n<div class=\"nv-iframe-embed\"><iframe title=\"Superbooth 2023: Befaco - FXBOY\" width=\"1200\" height=\"675\" src=\"https:\/\/www.youtube.com\/embed\/hIpeA-hAkW0?feature=oembed\" frameborder=\"0\" allow=\"accelerometer; autoplay; clipboard-write; encrypted-media; gyroscope; picture-in-picture; web-share\" allowfullscreen><\/iframe><\/div>\n<\/div><\/figure>\n\n\n\n<hr class=\"wp-block-separator\"\/>\n\n\n\n<p>Si tienes alguna consulta sobre cualquiera de las novedades de Superbooth 23, no dudes en ponerte en contacto con nosotros, \u00a1estaremos encantad@s de atenderte.<\/p>\n\n\n\n<p>Y si te ha gustado este art\u00edculo y quieres recibir m\u00e1s como este as\u00ed como todas las novedades relacionadas con el mundo de la tecnolog\u00eda musical, \u00a1no te olvides de suscribirte a nuestra newsletter!<\/p>\n\n\n\n<iframe data-w-type=\"embedded\" frameborder=\"0\" scrolling=\"no\" marginheight=\"0\" marginwidth=\"0\" src=\"https:\/\/0q0j5.mjt.lu\/wgt\/0q0j5\/hju\/form?c=d7971e7d\" width=\"100%\" style=\"height: 0;\"><\/iframe>\n\n<script type=\"text\/javascript\" src=\"https:\/\/app.mailjet.com\/pas-nc-embedded-v1.js\"><\/script>\n\n","protected":false},"excerpt":{"rendered":"<p>Vuelve un a\u00f1o m\u00e1s en toda su plenitud y con las energ\u00edas renovadas la feria Superbooth 23 de Berl\u00edn, y no podemos estar m\u00e1s content@s con todas las novedades que ya se han presentado y todas las que seguro se van a presentar. Te contamos en este art\u00edculo las que m\u00e1s nos han gustado y&hellip;&nbsp;<a href=\"https:\/\/www.cutoff.es\/blog\/superbooth-23\/\" class=\"\" rel=\"bookmark\">Leer m&#225;s &raquo;<span class=\"screen-reader-text\">Superbooth 23<\/span><\/a><\/p>\n","protected":false},"author":4,"featured_media":10879,"comment_status":"open","ping_status":"closed","sticky":false,"template":"","format":"standard","meta":{"neve_meta_sidebar":"","neve_meta_container":"","neve_meta_enable_content_width":"","neve_meta_content_width":0,"neve_meta_title_alignment":"","neve_meta_author_avatar":"","neve_post_elements_order":"","neve_meta_disable_header":"","neve_meta_disable_footer":"","neve_meta_disable_title":""},"categories":[84],"tags":[],"yoast_head":"<!-- This site is optimized with the Yoast SEO plugin v15.1.1 - https:\/\/yoast.com\/wordpress\/plugins\/seo\/ -->\n<title>Superbooth 23 | Cutoff Blog<\/title>\n<meta name=\"description\" content=\"Vuelve un a\u00f1o m\u00e1s en toda su plenitud y con las energ\u00edas renovadas la feria Superbooth 23 de Berl\u00edn, y no podemos estar m\u00e1s content@s con todas las\" \/>\n<meta name=\"robots\" content=\"index, follow, max-snippet:-1, max-image-preview:large, max-video-preview:-1\" \/>\n<link rel=\"canonical\" href=\"https:\/\/www.cutoff.es\/blog\/superbooth-23\/\" \/>\n<meta property=\"og:locale\" content=\"es_ES\" \/>\n<meta property=\"og:type\" content=\"article\" \/>\n<meta property=\"og:title\" content=\"Superbooth 23 | Cutoff Blog\" \/>\n<meta property=\"og:description\" content=\"Vuelve un a\u00f1o m\u00e1s en toda su plenitud y con las energ\u00edas renovadas la feria Superbooth 23 de Berl\u00edn, y no podemos estar m\u00e1s content@s con todas las\" \/>\n<meta property=\"og:url\" content=\"https:\/\/www.cutoff.es\/blog\/superbooth-23\/\" \/>\n<meta property=\"og:site_name\" content=\"Cutoff Blog\" \/>\n<meta property=\"article:publisher\" content=\"https:\/\/es-es.facebook.com\/cutoffproaudio\" \/>\n<meta property=\"article:author\" content=\"https:\/\/www.facebook.com\/cutoffproaudio\" \/>\n<meta property=\"article:published_time\" content=\"2023-05-11T10:00:20+00:00\" \/>\n<meta property=\"article:modified_time\" content=\"2023-06-26T15:11:16+00:00\" \/>\n<meta property=\"og:image\" content=\"https:\/\/www.cutoff.es\/blog\/wp-content\/uploads\/2023\/05\/Superbooth-23.jpg\" \/>\n\t<meta property=\"og:image:width\" content=\"798\" \/>\n\t<meta property=\"og:image:height\" content=\"385\" \/>\n<script type=\"application\/ld+json\" class=\"yoast-schema-graph\">{\"@context\":\"https:\/\/schema.org\",\"@graph\":[{\"@type\":\"WebSite\",\"@id\":\"https:\/\/www.cutoff.es\/blog\/#website\",\"url\":\"https:\/\/www.cutoff.es\/blog\/\",\"name\":\"Cutoff Blog\",\"description\":\"Blog de Cutoff, novedades sobre equipamiento DJ, inform\\u00e1ci\\u00f3n sobre eventos y artistas del panorama de la m\\u00fasica electr\\u00f3nica\",\"potentialAction\":[{\"@type\":\"SearchAction\",\"target\":\"https:\/\/www.cutoff.es\/blog\/?s={search_term_string}\",\"query-input\":\"required name=search_term_string\"}],\"inLanguage\":\"es\"},{\"@type\":\"ImageObject\",\"@id\":\"https:\/\/www.cutoff.es\/blog\/superbooth-23\/#primaryimage\",\"inLanguage\":\"es\",\"url\":\"https:\/\/www.cutoff.es\/blog\/wp-content\/uploads\/2023\/05\/Superbooth-23.jpg\",\"width\":798,\"height\":385,\"caption\":\"Superbooth 23\"},{\"@type\":\"WebPage\",\"@id\":\"https:\/\/www.cutoff.es\/blog\/superbooth-23\/#webpage\",\"url\":\"https:\/\/www.cutoff.es\/blog\/superbooth-23\/\",\"name\":\"Superbooth 23 | Cutoff Blog\",\"isPartOf\":{\"@id\":\"https:\/\/www.cutoff.es\/blog\/#website\"},\"primaryImageOfPage\":{\"@id\":\"https:\/\/www.cutoff.es\/blog\/superbooth-23\/#primaryimage\"},\"datePublished\":\"2023-05-11T10:00:20+00:00\",\"dateModified\":\"2023-06-26T15:11:16+00:00\",\"author\":{\"@id\":\"https:\/\/www.cutoff.es\/blog\/#\/schema\/person\/8ceb71095834bcd9d6df48f482722ce4\"},\"description\":\"Vuelve un a\\u00f1o m\\u00e1s en toda su plenitud y con las energ\\u00edas renovadas la feria Superbooth 23 de Berl\\u00edn, y no podemos estar m\\u00e1s content@s con todas las\",\"inLanguage\":\"es\",\"potentialAction\":[{\"@type\":\"ReadAction\",\"target\":[\"https:\/\/www.cutoff.es\/blog\/superbooth-23\/\"]}]},{\"@type\":\"Person\",\"@id\":\"https:\/\/www.cutoff.es\/blog\/#\/schema\/person\/8ceb71095834bcd9d6df48f482722ce4\",\"name\":\"Cutoff\",\"image\":{\"@type\":\"ImageObject\",\"@id\":\"https:\/\/www.cutoff.es\/blog\/#personlogo\",\"inLanguage\":\"es\",\"url\":\"https:\/\/secure.gravatar.com\/avatar\/14840c74b35686d5739748d3a55855cd?s=96&d=mm&r=g\",\"caption\":\"Cutoff\"},\"description\":\"CUTOFF PRO AUDIO es una joven empresa que nace para dar un servicio personalizado a las necesidades del Productor Musical y\/o Deejay actual, ofreciendo asesoramiento profesional, soluciones a medida a precios competitivos, distingui\\u00e9ndonos por ofrecer un trato personalizado a nuestra clientela.\",\"sameAs\":[\"https:\/\/www.cutoff.es\",\"https:\/\/www.facebook.com\/cutoffproaudio\",\"https:\/\/www.instagram.com\/cutoffproaudio\",\"https:\/\/twitter.com\/cutoffproaudio\",\"https:\/\/www.youtube.com\/cutoffproaudio\"]}]}<\/script>\n<!-- \/ Yoast SEO plugin. -->","_links":{"self":[{"href":"https:\/\/www.cutoff.es\/blog\/wp-json\/wp\/v2\/posts\/10870"}],"collection":[{"href":"https:\/\/www.cutoff.es\/blog\/wp-json\/wp\/v2\/posts"}],"about":[{"href":"https:\/\/www.cutoff.es\/blog\/wp-json\/wp\/v2\/types\/post"}],"author":[{"embeddable":true,"href":"https:\/\/www.cutoff.es\/blog\/wp-json\/wp\/v2\/users\/4"}],"replies":[{"embeddable":true,"href":"https:\/\/www.cutoff.es\/blog\/wp-json\/wp\/v2\/comments?post=10870"}],"version-history":[{"count":41,"href":"https:\/\/www.cutoff.es\/blog\/wp-json\/wp\/v2\/posts\/10870\/revisions"}],"predecessor-version":[{"id":11035,"href":"https:\/\/www.cutoff.es\/blog\/wp-json\/wp\/v2\/posts\/10870\/revisions\/11035"}],"wp:featuredmedia":[{"embeddable":true,"href":"https:\/\/www.cutoff.es\/blog\/wp-json\/wp\/v2\/media\/10879"}],"wp:attachment":[{"href":"https:\/\/www.cutoff.es\/blog\/wp-json\/wp\/v2\/media?parent=10870"}],"wp:term":[{"taxonomy":"category","embeddable":true,"href":"https:\/\/www.cutoff.es\/blog\/wp-json\/wp\/v2\/categories?post=10870"},{"taxonomy":"post_tag","embeddable":true,"href":"https:\/\/www.cutoff.es\/blog\/wp-json\/wp\/v2\/tags?post=10870"}],"curies":[{"name":"wp","href":"https:\/\/api.w.org\/{rel}","templated":true}]}}