{"id":10800,"date":"2023-04-04T13:59:18","date_gmt":"2023-04-04T11:59:18","guid":{"rendered":"https:\/\/www.cutoff.es\/blog\/?p=10800"},"modified":"2023-06-26T17:23:02","modified_gmt":"2023-06-26T15:23:02","slug":"live-11-3-en-beta-publica","status":"publish","type":"post","link":"https:\/\/www.cutoff.es\/blog\/live-11-3-en-beta-publica\/","title":{"rendered":"Live 11.3 en Beta P\u00fablica"},"content":{"rendered":"\n<p>Ableton acaba de anunciar Live 11.3 y ya podemos disfrutar de todas las novedades que traer\u00e1 porque han abierto el acceso a la Beta p\u00fablica. Hac\u00eda tiempo que no ten\u00edamos novedades por parte de Ableton, pero la espera ha valido la pena. Estamos seguros que sus programadores no cesan en el desarrollo de nuevas funciones, nuevos dispositivos y mejoras en general para que podamos tener m\u00e1s herramientas creativas que nos ayuden en nuestras producciones. En Live 11.3 tenemos dos focos donde poner la atenci\u00f3n: Drift y MPE.<\/p>\n\n\n\n<h2>Drift: Nuevo sintetizador para Live 11<\/h2>\n\n\n\n<p>Drift es el nuevo sintetizador que se incluir\u00e1 en Live 11.3. Estar\u00e1 incluido en todas las ediciones de <a href=\"https:\/\/www.cutoff.es\/35_ableton\">Live<\/a>, incluyendo Live Lite 11. Drift, que incorpora soporte MPE de serie, est\u00e1 pensado para que cualquiera, con o sin conocimientos de s\u00edntesis, pueda conseguir resultados espectaculares tan solo manipulando unos pocos par\u00e1metros. Si acabas de llegar al apasionante mundo de la s\u00edntesis sonora, los resultados de Drift te sorprender\u00e1n para bien. Si el dise\u00f1o sonoro es tu especialidad, tambi\u00e9n. Est\u00e1 inspirado tanto en equipos cl\u00e1sicos como en sintetizadores modernos o incluso m\u00f3dulos eurorack.<\/p>\n\n\n\n<h2>M\u00e1s instrumentos con soporte MPE<\/h2>\n\n\n\n<p>Ahora, los instrumentos Analog, Collision, Electric y Tension han sido actualizados para ofrecer soporte MPE, con lo que se amplia el n\u00famero de dispositivos que se ven beneficiados de las infinitas posibilidades creativas que ofrece esta ampliaci\u00f3n del est\u00e1ndar MIDI.<\/p>\n\n\n\n<h2>Mejoras MPE en general<\/h2>\n\n\n\n<p>Al dispositivo MPE Control se le han a\u00f1adido nuevas funcionalidades, una nueva interfaz de usuario y se ha reducido el consumo de la CPU. Dispositivos como Note Echo tambi\u00e9n soportan MPE, con controles sobre el feedback para cada dimensi\u00f3n, con lo cual es mucho m\u00e1s creativo y polivalente. Tambi\u00e9n se ha actualizado la librer\u00eda Core, la que viene de f\u00e1brica, para que las presets de instrumentos y dispositivos compatibles con MPE puedan sacar todo el provecho.<\/p>\n\n\n\n<p>Puedes consultar el listado completo de nuevas caracter\u00edsticas y mejoras <a href=\"https:\/\/www.ableton.com\/en\/release-notes\/live-11-beta\/\" target=\"_blank\" rel=\"noreferrer noopener\">aqu\u00ed<\/a>.<\/p>\n\n\n\n<p>Si quieres probar todas las novedades que trae Live 11.3, puedes hacerlo con la beta p\u00fablica <a href=\"https:\/\/www.ableton.com\/en\/beta\/\" target=\"_blank\" rel=\"noreferrer noopener\">desde aqu\u00ed<\/a>. <\/p>\n\n\n\n<hr class=\"wp-block-separator\">\n<iframe data-w-type=\"embedded\" frameborder=\"0\" scrolling=\"no\" marginheight=\"0\" marginwidth=\"0\" src=\"https:\/\/0q0j5.mjt.lu\/wgt\/0q0j5\/hju\/form?c=d7971e7d\" width=\"100%\" style=\"height: 0;\"><\/iframe>\n\n<script type=\"text\/javascript\" src=\"https:\/\/app.mailjet.com\/pas-nc-embedded-v1.js\"><\/script>\n\n\n\n\n<p><\/p>\n","protected":false},"excerpt":{"rendered":"<p>Ableton acaba de anunciar Live 11.3 y ya podemos disfrutar de todas las novedades que traer\u00e1 porque han abierto el acceso a la Beta p\u00fablica. Hac\u00eda tiempo que no ten\u00edamos novedades por parte de Ableton, pero la espera ha valido la pena. Estamos seguros que sus programadores no cesan en el desarrollo de nuevas funciones,&hellip;&nbsp;<a href=\"https:\/\/www.cutoff.es\/blog\/live-11-3-en-beta-publica\/\" class=\"\" rel=\"bookmark\">Leer m&#225;s &raquo;<span class=\"screen-reader-text\">Live 11.3 en Beta P\u00fablica<\/span><\/a><\/p>\n","protected":false},"author":4,"featured_media":10802,"comment_status":"open","ping_status":"closed","sticky":false,"template":"","format":"standard","meta":{"neve_meta_sidebar":"","neve_meta_container":"","neve_meta_enable_content_width":"","neve_meta_content_width":0,"neve_meta_title_alignment":"","neve_meta_author_avatar":"","neve_post_elements_order":"","neve_meta_disable_header":"","neve_meta_disable_footer":"","neve_meta_disable_title":""},"categories":[18],"tags":[41,939,1047],"yoast_head":"<!-- This site is optimized with the Yoast SEO plugin v15.1.1 - https:\/\/yoast.com\/wordpress\/plugins\/seo\/ -->\n<title>Live 11.3 en Beta P\u00fablica | Cutoff Blog<\/title>\n<meta name=\"description\" content=\"Ableton acaba de anunciar Live 11.3 y ya podemos disfrutar de todas las novedades que traer\u00e1 porque han abierto el acceso a la Beta p\u00fablica. Hac\u00eda tiempo\" \/>\n<meta name=\"robots\" content=\"index, follow, max-snippet:-1, max-image-preview:large, max-video-preview:-1\" \/>\n<link rel=\"canonical\" href=\"https:\/\/www.cutoff.es\/blog\/live-11-3-en-beta-publica\/\" \/>\n<meta property=\"og:locale\" content=\"es_ES\" \/>\n<meta property=\"og:type\" content=\"article\" \/>\n<meta property=\"og:title\" content=\"Live 11.3 en Beta P\u00fablica | Cutoff Blog\" \/>\n<meta property=\"og:description\" content=\"Ableton acaba de anunciar Live 11.3 y ya podemos disfrutar de todas las novedades que traer\u00e1 porque han abierto el acceso a la Beta p\u00fablica. Hac\u00eda tiempo\" \/>\n<meta property=\"og:url\" content=\"https:\/\/www.cutoff.es\/blog\/live-11-3-en-beta-publica\/\" \/>\n<meta property=\"og:site_name\" content=\"Cutoff Blog\" \/>\n<meta property=\"article:publisher\" content=\"https:\/\/es-es.facebook.com\/cutoffproaudio\" \/>\n<meta property=\"article:author\" content=\"https:\/\/www.facebook.com\/cutoffproaudio\" \/>\n<meta property=\"article:published_time\" content=\"2023-04-04T11:59:18+00:00\" \/>\n<meta property=\"article:modified_time\" content=\"2023-06-26T15:23:02+00:00\" \/>\n<meta property=\"og:image\" content=\"https:\/\/www.cutoff.es\/blog\/wp-content\/uploads\/2023\/04\/live-11-3-en-beta-publica.jpg\" \/>\n\t<meta property=\"og:image:width\" content=\"798\" \/>\n\t<meta property=\"og:image:height\" content=\"385\" \/>\n<script type=\"application\/ld+json\" class=\"yoast-schema-graph\">{\"@context\":\"https:\/\/schema.org\",\"@graph\":[{\"@type\":\"WebSite\",\"@id\":\"https:\/\/www.cutoff.es\/blog\/#website\",\"url\":\"https:\/\/www.cutoff.es\/blog\/\",\"name\":\"Cutoff Blog\",\"description\":\"Blog de Cutoff, novedades sobre equipamiento DJ, inform\\u00e1ci\\u00f3n sobre eventos y artistas del panorama de la m\\u00fasica electr\\u00f3nica\",\"potentialAction\":[{\"@type\":\"SearchAction\",\"target\":\"https:\/\/www.cutoff.es\/blog\/?s={search_term_string}\",\"query-input\":\"required name=search_term_string\"}],\"inLanguage\":\"es\"},{\"@type\":\"ImageObject\",\"@id\":\"https:\/\/www.cutoff.es\/blog\/live-11-3-en-beta-publica\/#primaryimage\",\"inLanguage\":\"es\",\"url\":\"https:\/\/www.cutoff.es\/blog\/wp-content\/uploads\/2023\/04\/live-11-3-en-beta-publica.jpg\",\"width\":798,\"height\":385},{\"@type\":\"WebPage\",\"@id\":\"https:\/\/www.cutoff.es\/blog\/live-11-3-en-beta-publica\/#webpage\",\"url\":\"https:\/\/www.cutoff.es\/blog\/live-11-3-en-beta-publica\/\",\"name\":\"Live 11.3 en Beta P\\u00fablica | Cutoff Blog\",\"isPartOf\":{\"@id\":\"https:\/\/www.cutoff.es\/blog\/#website\"},\"primaryImageOfPage\":{\"@id\":\"https:\/\/www.cutoff.es\/blog\/live-11-3-en-beta-publica\/#primaryimage\"},\"datePublished\":\"2023-04-04T11:59:18+00:00\",\"dateModified\":\"2023-06-26T15:23:02+00:00\",\"author\":{\"@id\":\"https:\/\/www.cutoff.es\/blog\/#\/schema\/person\/8ceb71095834bcd9d6df48f482722ce4\"},\"description\":\"Ableton acaba de anunciar Live 11.3 y ya podemos disfrutar de todas las novedades que traer\\u00e1 porque han abierto el acceso a la Beta p\\u00fablica. Hac\\u00eda tiempo\",\"inLanguage\":\"es\",\"potentialAction\":[{\"@type\":\"ReadAction\",\"target\":[\"https:\/\/www.cutoff.es\/blog\/live-11-3-en-beta-publica\/\"]}]},{\"@type\":\"Person\",\"@id\":\"https:\/\/www.cutoff.es\/blog\/#\/schema\/person\/8ceb71095834bcd9d6df48f482722ce4\",\"name\":\"Cutoff\",\"image\":{\"@type\":\"ImageObject\",\"@id\":\"https:\/\/www.cutoff.es\/blog\/#personlogo\",\"inLanguage\":\"es\",\"url\":\"https:\/\/secure.gravatar.com\/avatar\/14840c74b35686d5739748d3a55855cd?s=96&d=mm&r=g\",\"caption\":\"Cutoff\"},\"description\":\"CUTOFF PRO AUDIO es una joven empresa que nace para dar un servicio personalizado a las necesidades del Productor Musical y\/o Deejay actual, ofreciendo asesoramiento profesional, soluciones a medida a precios competitivos, distingui\\u00e9ndonos por ofrecer un trato personalizado a nuestra clientela.\",\"sameAs\":[\"https:\/\/www.cutoff.es\",\"https:\/\/www.facebook.com\/cutoffproaudio\",\"https:\/\/www.instagram.com\/cutoffproaudio\",\"https:\/\/twitter.com\/cutoffproaudio\",\"https:\/\/www.youtube.com\/cutoffproaudio\"]}]}<\/script>\n<!-- \/ Yoast SEO plugin. -->","_links":{"self":[{"href":"https:\/\/www.cutoff.es\/blog\/wp-json\/wp\/v2\/posts\/10800"}],"collection":[{"href":"https:\/\/www.cutoff.es\/blog\/wp-json\/wp\/v2\/posts"}],"about":[{"href":"https:\/\/www.cutoff.es\/blog\/wp-json\/wp\/v2\/types\/post"}],"author":[{"embeddable":true,"href":"https:\/\/www.cutoff.es\/blog\/wp-json\/wp\/v2\/users\/4"}],"replies":[{"embeddable":true,"href":"https:\/\/www.cutoff.es\/blog\/wp-json\/wp\/v2\/comments?post=10800"}],"version-history":[{"count":6,"href":"https:\/\/www.cutoff.es\/blog\/wp-json\/wp\/v2\/posts\/10800\/revisions"}],"predecessor-version":[{"id":11044,"href":"https:\/\/www.cutoff.es\/blog\/wp-json\/wp\/v2\/posts\/10800\/revisions\/11044"}],"wp:featuredmedia":[{"embeddable":true,"href":"https:\/\/www.cutoff.es\/blog\/wp-json\/wp\/v2\/media\/10802"}],"wp:attachment":[{"href":"https:\/\/www.cutoff.es\/blog\/wp-json\/wp\/v2\/media?parent=10800"}],"wp:term":[{"taxonomy":"category","embeddable":true,"href":"https:\/\/www.cutoff.es\/blog\/wp-json\/wp\/v2\/categories?post=10800"},{"taxonomy":"post_tag","embeddable":true,"href":"https:\/\/www.cutoff.es\/blog\/wp-json\/wp\/v2\/tags?post=10800"}],"curies":[{"name":"wp","href":"https:\/\/api.w.org\/{rel}","templated":true}]}}