{"id":10538,"date":"2022-09-14T12:38:21","date_gmt":"2022-09-14T10:38:21","guid":{"rendered":"https:\/\/www.cutoff.es\/blog\/?p=10538"},"modified":"2022-09-20T12:57:15","modified_gmt":"2022-09-20T10:57:15","slug":"cutoff-en-modular-day-9","status":"publish","type":"post","link":"https:\/\/www.cutoff.es\/blog\/cutoff-en-modular-day-9\/","title":{"rendered":"Cutoff en Modular Day #9"},"content":{"rendered":"\n<p>Por fin llega el Modular Day #9, un evento donde podremos disfrutar de talleres, feria tecnolog\u00eda y actuaciones relacionados con el apasionante mundo modular. As\u00ed como el que no quiere la cosa, ya van nueve ediciones en las que hemos podido disfrutar de las \u00faltimas novedades que han ido apareciendo en el entorno eurorack, charlar con entusiastas del mundo modular y disfrutar de actuaciones, tanto de talento local como de fuera de nuestras fronteras. S\u00ed, el mundo eurorack es una aut\u00e9ntica familia y este pr\u00f3ximo 24 de septiembre toca reuni\u00f3n.<\/p>\n\n\n\n<h2>Novedades en nuestro stand<\/h2>\n\n\n\n<p>Cutoff Pro Audio, como es habitual, tendremos nuestro stand donde llevaremos las \u00faltimas novedades que han ido apareciendo en el \u00faltimo a\u00f1o. Por ejemplo, por parte <a href=\"\/282_xaoc-devices\">Xaoc Devices<\/a> contaremos con novedades como el desplazado de phase Koszlain, el filtro est\u00e9reo Zagrzeb o el m\u00f3dulo multiefectos Timiszoara. \u00a1Crucemos los dedos porque nos lleguen a tiempo las primeras unidades de Sofia, su nuevo oscilador anal\u00f3gico avanzado!<\/p>\n\n\n\n<p>Otro fabricante que estar\u00e1 presente en nuestro stand es <a href=\"\/391_shakmat-modular\">Shakmat Modular<\/a>, un fabricante belga que recientemente hemos incorporado a nuestro cat\u00e1logo eurorack que incluye incre\u00edbles m\u00f3dulos como el quantizer cu\u00e1druple Bard Quartet, el LFO avanzado Mod Medusa o el divisor de clocks Time Wizard.<\/p>\n\n\n\n<figure class=\"wp-block-embed-youtube wp-block-embed is-type-video is-provider-youtube wp-embed-aspect-16-9 wp-has-aspect-ratio\"><div class=\"wp-block-embed__wrapper\">\n<div class=\"nv-iframe-embed\"><iframe title=\"New Superbooth &#039;22 modules\" width=\"1200\" height=\"675\" src=\"https:\/\/www.youtube.com\/embed\/G9-jxaVPCNQ?feature=oembed\" frameborder=\"0\" allow=\"accelerometer; autoplay; clipboard-write; encrypted-media; gyroscope; picture-in-picture\" allowfullscreen><\/iframe><\/div>\n<\/div><\/figure>\n\n\n\n<p>Tambi\u00e9n podr\u00e1s disfrutar de la potencia y flexibilidad de los efectos de Strymon para eurorack Magneto y Starlab y compararlos con otras alternativas como Desmodus Versio de <a href=\"\/276_noise-engineering\">Noise Engineering<\/a> o Black Hole DSP de Erica Synths. La guinda la pondremos con <a href=\"https:\/\/www.cutoff.es\/390_myvolts\" target=\"_blank\" rel=\"noreferrer noopener\">MyVolts<\/a>, una empresa con unas soluciones de alimentaci\u00f3n revolucionarias junto a una gran variedad de cables de audio en distintos formatos (liso, rizado, acodado&#8230;) y distintos tipos de conectores (minijack, jack, RCA&#8230;)<\/p>\n\n\n\n<h2>Actuaciones en Modular Day #9<\/h2>\n\n\n\n<p>Los conciertos en Modular Day son una de las actividades que m\u00e1s disfrutamos, sobretodo desde que podemos volver a disfrutar este tipo de eventos sin restricciones. Puedes consultar la <a href=\"https:\/\/modulardaybarcelona.org\/concerts\/\" target=\"_blank\" rel=\"noreferrer noopener\">lista de actuaciones<\/a> que tendr\u00e1n lugar en la edici\u00f3n de este a\u00f1o. Nosotros nos quedamos con Ambar y, perd\u00f3n por el autobombo, nuestro querido Pedro Pina.<\/p>\n\n\n\n<figure class=\"wp-block-embed-youtube wp-block-embed is-type-video is-provider-youtube wp-embed-aspect-4-3 wp-has-aspect-ratio\"><div class=\"wp-block-embed__wrapper\">\n<div class=\"nv-iframe-embed\"><iframe title=\"Pedro Pina (Live) x Barcelona Electr\u00f3nica\" width=\"1200\" height=\"900\" src=\"https:\/\/www.youtube.com\/embed\/BL4XCf0sA1Y?feature=oembed\" frameborder=\"0\" allow=\"accelerometer; autoplay; clipboard-write; encrypted-media; gyroscope; picture-in-picture\" allowfullscreen><\/iframe><\/div>\n<\/div><\/figure>\n\n\n\n<p>Como es habitual, la novena edici\u00f3n del Modular Day tendr\u00e1 lugar en Hangar, en Barcelona. Puedes consultar todo el calendario de actividades, talleres, actuaciones y expositores en su <a rel=\"noreferrer noopener\" href=\"https:\/\/modulardaybarcelona.org\/\" target=\"_blank\">p\u00e1gina web<\/a>.<\/p>\n\n\n\n<p><\/p>\n\n\n\n<h2>C\u00f3mo llegar<\/h2>\n\n\n\n<iframe src=\"https:\/\/www.google.com\/maps\/embed?pb=!1m19!1m8!1m3!1d23939.329762583187!2d2.1996743!3d41.4084827!3m2!1i1024!2i768!4f13.1!4m8!3e6!4m0!4m5!1s0x12a4a3399bc5012b%3A0xfc8902c18a2b1f52!2sHangar.org%20Carrer%20Emilia%20Coranty%2C%2016%2008018%20Barcelona!3m2!1d41.4084827!2d2.1996743!5e0!3m2!1ses!2ses!4v1663151477920!5m2!1ses!2ses\" width=\"600\" height=\"450\" style=\"border:0;\" allowfullscreen=\"\" loading=\"lazy\" referrerpolicy=\"no-referrer-when-downgrade\"><\/iframe>\n\n\n\n<p><\/p>\n\n\n\n<p>No dudes en contactarnos ante cualquier consulta relacionada tanto con Modular Day #9 como de m\u00f3dulos eurorack. \u00a1Te esperamos!<\/p>\n\n\n\n<hr class=\"wp-block-separator\">\n<figure class=\"wp-block-image\"><img src=\"https:\/\/www.cutoff.es\/blog\/wp-content\/uploads\/2020\/10\/animacion-suscripcion-newsletter-2.gif\" alt=\"Suscripcion Newsletter\"><\/figure>\n<!-- Begin Mailchimp Signup Form -->\n<link href=\"\/\/cdn-images.mailchimp.com\/embedcode\/classic-10_7_dtp.css\" rel=\"stylesheet\" type=\"text\/css\">\n<style type=\"text\/css\">#mc_embed_signup{background:#fff; clear:left; font:14px Helvetica,Arial,sans-serif;  width:800px;}\n\t\/* Add your own Mailchimp form style overrides in your site stylesheet or in this style block.\n\t   We recommend moving this block and the preceding CSS link to the HEAD of your HTML file. *\/\n<\/style>\n<div id=\"mc_embed_signup\">\n<form action=\"https:\/\/cutoff.us3.list-manage.com\/subscribe\/post?u=0cd14b9f4ea04415a843bd3e3&amp;id=d9054a6a77\" class=\"validate\" id=\"mc-embedded-subscribe-form\" method=\"post\" name=\"mc-embedded-subscribe-form\" novalidate=\"\" target=\"_blank\">\n<div id=\"mc_embed_signup_scroll\">\n<h2>Suscr\u00edbete aqu\u00ed a nuestra newsletter<\/h2>\n\n<div class=\"indicates-required\"><span class=\"asterisk\">*<\/span> campo obligatorio<\/div>\n\n<div class=\"mc-field-group\"><label for=\"mce-EMAIL\">Email <span class=\"asterisk\">*<\/span> <\/label> <input class=\"required email\" id=\"mce-EMAIL\" name=\"EMAIL\" type=\"email\" value=\"\"><\/div>\n\n<div class=\"mc-field-group\"><label for=\"mce-FNAME\">Nombre <\/label> <input id=\"mce-FNAME\" name=\"FNAME\" type=\"text\" value=\"\"><\/div>\n\n<div class=\"clear foot\" id=\"mce-responses\">\n<div class=\"response\" id=\"mce-error-response\" style=\"display:none\">&nbsp;<\/div>\n\n<div class=\"response\" id=\"mce-success-response\" style=\"display:none\">&nbsp;<\/div>\n<\/div>\n<!-- real people should not fill this in and expect good things - do not remove this or risk form bot signups-->\n\n<div aria-hidden=\"true\" style=\"position: absolute; left: -5000px;\"><input name=\"b_0cd14b9f4ea04415a843bd3e3_d9054a6a77\" tabindex=\"-1\" type=\"text\" value=\"\"><\/div>\n\n<div class=\"optionalParent\">\n<div class=\"clear foot\"><input class=\"button\" id=\"mc-embedded-subscribe\" name=\"subscribe\" type=\"submit\" value=\"Subscribe\"><\/div>\n<\/div>\n<\/div>\n<\/form>\n<\/div>\n<script type=\"text\/javascript\" src=\"\/\/s3.amazonaws.com\/downloads.mailchimp.com\/js\/mc-validate.js\"><\/script><script type=\"text\/javascript\">(function($) {window.fnames = new Array(); window.ftypes = new Array();fnames[0]='EMAIL';ftypes[0]='email';fnames[1]='FNAME';ftypes[1]='text';}(jQuery));var $mcj = jQuery.noConflict(true);<\/script><!--End mc_embed_signup-->\n","protected":false},"excerpt":{"rendered":"<p>Por fin llega el Modular Day #9, un evento donde podremos disfrutar de talleres, feria tecnolog\u00eda y actuaciones relacionados con el apasionante mundo modular. As\u00ed como el que no quiere la cosa, ya van nueve ediciones en las que hemos podido disfrutar de las \u00faltimas novedades que han ido apareciendo en el entorno eurorack, charlar&hellip;&nbsp;<a href=\"https:\/\/www.cutoff.es\/blog\/cutoff-en-modular-day-9\/\" class=\"\" rel=\"bookmark\">Leer m&#225;s &raquo;<span class=\"screen-reader-text\">Cutoff en Modular Day #9<\/span><\/a><\/p>\n","protected":false},"author":4,"featured_media":10544,"comment_status":"open","ping_status":"closed","sticky":false,"template":"","format":"standard","meta":{"neve_meta_sidebar":"","neve_meta_container":"","neve_meta_enable_content_width":"","neve_meta_content_width":0,"neve_meta_title_alignment":"","neve_meta_author_avatar":"","neve_post_elements_order":"","neve_meta_disable_header":"","neve_meta_disable_footer":"","neve_meta_disable_title":""},"categories":[84],"tags":[490,716,1033],"yoast_head":"<!-- This site is optimized with the Yoast SEO plugin v15.1.1 - https:\/\/yoast.com\/wordpress\/plugins\/seo\/ -->\n<title>Cutoff en Modular Day #9 | Cutoff Blog<\/title>\n<meta name=\"description\" content=\"Por fin llega el Modular Day #9, un evento donde podremos disfrutar de talleres, feria tecnolog\u00eda y actuaciones relacionados con el apasionante mundo\" \/>\n<meta name=\"robots\" content=\"index, follow, max-snippet:-1, max-image-preview:large, max-video-preview:-1\" \/>\n<link rel=\"canonical\" href=\"https:\/\/www.cutoff.es\/blog\/cutoff-en-modular-day-9\/\" \/>\n<meta property=\"og:locale\" content=\"es_ES\" \/>\n<meta property=\"og:type\" content=\"article\" \/>\n<meta property=\"og:title\" content=\"Cutoff en Modular Day #9 | Cutoff Blog\" \/>\n<meta property=\"og:description\" content=\"Por fin llega el Modular Day #9, un evento donde podremos disfrutar de talleres, feria tecnolog\u00eda y actuaciones relacionados con el apasionante mundo\" \/>\n<meta property=\"og:url\" content=\"https:\/\/www.cutoff.es\/blog\/cutoff-en-modular-day-9\/\" \/>\n<meta property=\"og:site_name\" content=\"Cutoff Blog\" \/>\n<meta property=\"article:publisher\" content=\"https:\/\/es-es.facebook.com\/cutoffproaudio\" \/>\n<meta property=\"article:author\" content=\"https:\/\/www.facebook.com\/cutoffproaudio\" \/>\n<meta property=\"article:published_time\" content=\"2022-09-14T10:38:21+00:00\" \/>\n<meta property=\"article:modified_time\" content=\"2022-09-20T10:57:15+00:00\" \/>\n<meta property=\"og:image\" content=\"https:\/\/www.cutoff.es\/blog\/wp-content\/uploads\/2022\/09\/cutoff-en-modular-day-9.jpg\" \/>\n\t<meta property=\"og:image:width\" content=\"798\" \/>\n\t<meta property=\"og:image:height\" content=\"385\" \/>\n<script type=\"application\/ld+json\" class=\"yoast-schema-graph\">{\"@context\":\"https:\/\/schema.org\",\"@graph\":[{\"@type\":\"WebSite\",\"@id\":\"https:\/\/www.cutoff.es\/blog\/#website\",\"url\":\"https:\/\/www.cutoff.es\/blog\/\",\"name\":\"Cutoff Blog\",\"description\":\"Blog de Cutoff, novedades sobre equipamiento DJ, inform\\u00e1ci\\u00f3n sobre eventos y artistas del panorama de la m\\u00fasica electr\\u00f3nica\",\"potentialAction\":[{\"@type\":\"SearchAction\",\"target\":\"https:\/\/www.cutoff.es\/blog\/?s={search_term_string}\",\"query-input\":\"required name=search_term_string\"}],\"inLanguage\":\"es\"},{\"@type\":\"ImageObject\",\"@id\":\"https:\/\/www.cutoff.es\/blog\/cutoff-en-modular-day-9\/#primaryimage\",\"inLanguage\":\"es\",\"url\":\"https:\/\/www.cutoff.es\/blog\/wp-content\/uploads\/2022\/09\/cutoff-en-modular-day-9.jpg\",\"width\":798,\"height\":385},{\"@type\":\"WebPage\",\"@id\":\"https:\/\/www.cutoff.es\/blog\/cutoff-en-modular-day-9\/#webpage\",\"url\":\"https:\/\/www.cutoff.es\/blog\/cutoff-en-modular-day-9\/\",\"name\":\"Cutoff en Modular Day #9 | Cutoff Blog\",\"isPartOf\":{\"@id\":\"https:\/\/www.cutoff.es\/blog\/#website\"},\"primaryImageOfPage\":{\"@id\":\"https:\/\/www.cutoff.es\/blog\/cutoff-en-modular-day-9\/#primaryimage\"},\"datePublished\":\"2022-09-14T10:38:21+00:00\",\"dateModified\":\"2022-09-20T10:57:15+00:00\",\"author\":{\"@id\":\"https:\/\/www.cutoff.es\/blog\/#\/schema\/person\/8ceb71095834bcd9d6df48f482722ce4\"},\"description\":\"Por fin llega el Modular Day #9, un evento donde podremos disfrutar de talleres, feria tecnolog\\u00eda y actuaciones relacionados con el apasionante mundo\",\"inLanguage\":\"es\",\"potentialAction\":[{\"@type\":\"ReadAction\",\"target\":[\"https:\/\/www.cutoff.es\/blog\/cutoff-en-modular-day-9\/\"]}]},{\"@type\":\"Person\",\"@id\":\"https:\/\/www.cutoff.es\/blog\/#\/schema\/person\/8ceb71095834bcd9d6df48f482722ce4\",\"name\":\"Cutoff\",\"image\":{\"@type\":\"ImageObject\",\"@id\":\"https:\/\/www.cutoff.es\/blog\/#personlogo\",\"inLanguage\":\"es\",\"url\":\"https:\/\/secure.gravatar.com\/avatar\/14840c74b35686d5739748d3a55855cd?s=96&d=mm&r=g\",\"caption\":\"Cutoff\"},\"description\":\"CUTOFF PRO AUDIO es una joven empresa que nace para dar un servicio personalizado a las necesidades del Productor Musical y\/o Deejay actual, ofreciendo asesoramiento profesional, soluciones a medida a precios competitivos, distingui\\u00e9ndonos por ofrecer un trato personalizado a nuestra clientela.\",\"sameAs\":[\"https:\/\/www.cutoff.es\",\"https:\/\/www.facebook.com\/cutoffproaudio\",\"https:\/\/www.instagram.com\/cutoffproaudio\",\"https:\/\/twitter.com\/cutoffproaudio\",\"https:\/\/www.youtube.com\/cutoffproaudio\"]}]}<\/script>\n<!-- \/ Yoast SEO plugin. -->","_links":{"self":[{"href":"https:\/\/www.cutoff.es\/blog\/wp-json\/wp\/v2\/posts\/10538"}],"collection":[{"href":"https:\/\/www.cutoff.es\/blog\/wp-json\/wp\/v2\/posts"}],"about":[{"href":"https:\/\/www.cutoff.es\/blog\/wp-json\/wp\/v2\/types\/post"}],"author":[{"embeddable":true,"href":"https:\/\/www.cutoff.es\/blog\/wp-json\/wp\/v2\/users\/4"}],"replies":[{"embeddable":true,"href":"https:\/\/www.cutoff.es\/blog\/wp-json\/wp\/v2\/comments?post=10538"}],"version-history":[{"count":10,"href":"https:\/\/www.cutoff.es\/blog\/wp-json\/wp\/v2\/posts\/10538\/revisions"}],"predecessor-version":[{"id":10571,"href":"https:\/\/www.cutoff.es\/blog\/wp-json\/wp\/v2\/posts\/10538\/revisions\/10571"}],"wp:featuredmedia":[{"embeddable":true,"href":"https:\/\/www.cutoff.es\/blog\/wp-json\/wp\/v2\/media\/10544"}],"wp:attachment":[{"href":"https:\/\/www.cutoff.es\/blog\/wp-json\/wp\/v2\/media?parent=10538"}],"wp:term":[{"taxonomy":"category","embeddable":true,"href":"https:\/\/www.cutoff.es\/blog\/wp-json\/wp\/v2\/categories?post=10538"},{"taxonomy":"post_tag","embeddable":true,"href":"https:\/\/www.cutoff.es\/blog\/wp-json\/wp\/v2\/tags?post=10538"}],"curies":[{"name":"wp","href":"https:\/\/api.w.org\/{rel}","templated":true}]}}